{"id":743,"date":"2023-05-04T14:41:33","date_gmt":"2023-05-04T12:41:33","guid":{"rendered":"http:\/\/scs-sion.ch\/commerces-de-sion\/?p=743"},"modified":"2024-03-20T11:50:27","modified_gmt":"2024-03-20T10:50:27","slug":"au-fil-des-mois","status":"publish","type":"post","link":"https:\/\/scs-sion.ch\/commerces-de-sion\/au-fil-des-mois\/","title":{"rendered":"Au fil des mois"},"content":{"rendered":"<p>[et_pb_section fb_built=\u00a0\u00bb1&Prime; admin_label=\u00a0\u00bbsection\u00a0\u00bb _builder_version=\u00a0\u00bb4.16&Prime; global_colors_info=\u00a0\u00bb{}\u00a0\u00bb][et_pb_row admin_label=\u00a0\u00bbrow\u00a0\u00bb _builder_version=\u00a0\u00bb4.16&Prime; background_size=\u00a0\u00bbinitial\u00a0\u00bb background_position=\u00a0\u00bbtop_left\u00a0\u00bb background_repeat=\u00a0\u00bbrepeat\u00a0\u00bb global_colors_info=\u00a0\u00bb{}\u00a0\u00bb][et_pb_column type=\u00a0\u00bb4_4&Prime; _builder_version=\u00a0\u00bb4.16&Prime; custom_padding=\u00a0\u00bb|||\u00a0\u00bb global_colors_info=\u00a0\u00bb{}\u00a0\u00bb custom_padding__hover=\u00a0\u00bb|||\u00a0\u00bb][et_pb_text _builder_version=\u00a0\u00bb4.24.0&Prime; _module_preset=\u00a0\u00bbdefault\u00a0\u00bb global_colors_info=\u00a0\u00bb{}\u00a0\u00bb]<\/p>\n<div>Depuis plus de 25 ans, nous conseillons et accompagnons les (futurs) parents afin qu\u2019ils puissent accueillir et faire grandir leurs enfants en toute s\u00e9r\u00e9nit\u00e9.<br \/>D\u00e9couvrez des articles d\u00e9nich\u00e9s aupr\u00e8s de petits cr\u00e9ateurs passionn\u00e9s qui proposent un grand savoir-faire respectant des valeurs souvent oubli\u00e9es.<\/div>\n<div>&#8212;<\/div>\n<p>[\/et_pb_text][et_pb_text _builder_version=\u00a0\u00bb4.24.0&Prime; _module_preset=\u00a0\u00bbdefault\u00a0\u00bb header_6_font=\u00a0\u00bb|600|||||||\u00a0\u00bb global_colors_info=\u00a0\u00bb{}\u00a0\u00bb]<\/p>\n<h6>Heures d&rsquo;ouverture<\/h6>\n<ul>\n<li>Lundi: 13h30-18h30<\/li>\n<li>Mardi au vendredi: 9h30- 12h00 et 13h30-18h30<\/li>\n<li>Samedi : 9h30- 12h00 et 13h00-17h00<\/li>\n<\/ul>\n<p>\u200b<\/p>\n<p>[\/et_pb_text][et_pb_text _builder_version=\u00a0\u00bb4.24.2&Prime; _module_preset=\u00a0\u00bbdefault\u00a0\u00bb text_text_color=\u00a0\u00bb#FF6F33&Prime; header_6_font=\u00a0\u00bb|600|||||||\u00a0\u00bb hover_enabled=\u00a0\u00bb0&Prime; global_colors_info=\u00a0\u00bb{}\u00a0\u00bb sticky_enabled=\u00a0\u00bb0&Prime;]<\/p>\n<h6>Contact<\/h6>\n<p><i class=\"fa-light fa-phone\"><\/i><a href=\"tel:+41786190961\">078 619 09 61<\/a><\/p>\n<p><i class=\"fa-light fa-house\"><\/i><a href=\"https:\/\/www.aufildesmois.ch\" target=\"_blank\" rel=\"noopener\">www.<\/a><a href=\"http:\/\/www.aufildesmois.ch\/\" target=\"_blank\" rel=\"noopener noreferrer\" data-ik=\"ik-secure\">.aufildesmois.ch<\/a>[\/et_pb_text][\/et_pb_column][\/et_pb_row][et_pb_row _builder_version=\u00a0\u00bb4.20.4&Prime; _module_preset=\u00a0\u00bbdefault\u00a0\u00bb global_colors_info=\u00a0\u00bb{}\u00a0\u00bb][et_pb_column type=\u00a0\u00bb4_4&Prime; _builder_version=\u00a0\u00bb4.20.4&Prime; _module_preset=\u00a0\u00bbdefault\u00a0\u00bb global_colors_info=\u00a0\u00bb{}\u00a0\u00bb][et_pb_text _builder_version=\u00a0\u00bb4.20.4&Prime; _module_preset=\u00a0\u00bbdefault\u00a0\u00bb global_colors_info=\u00a0\u00bb{}\u00a0\u00bb]<button class=\"btnBack\" onclick=\"history.go(-1)\">&lt; Retour<\/button>[\/et_pb_text][\/et_pb_column][\/et_pb_row][\/et_pb_section]<\/p>\n","protected":false},"excerpt":{"rendered":"<p>Depuis plus de 25 ans, nous conseillons et accompagnons les (futurs) parents afin qu\u2019ils puissent accueillir et faire grandir leurs enfants en toute s\u00e9r\u00e9nit\u00e9.D\u00e9couvrez des articles d\u00e9nich\u00e9s aupr\u00e8s de petits cr\u00e9ateurs passionn\u00e9s qui proposent un grand savoir-faire respectant des valeurs souvent oubli\u00e9es. &#8212;Heures d&rsquo;ouverture Lundi: 13h30-18h30 Mardi au vendredi: 9h30- 12h00 et 13h30-18h30 Samedi : [&hellip;]<\/p>\n","protected":false},"author":2,"featured_media":745,"comment_status":"closed","ping_status":"open","sticky":false,"template":"","format":"standard","meta":{"_et_pb_use_builder":"on","_et_pb_old_content":"","_et_gb_content_width":"","inline_featured_image":false,"footnotes":""},"categories":[54],"tags":[],"class_list":["post-743","post","type-post","status-publish","format-standard","has-post-thumbnail","hentry","category-magasins"],"yoast_head":"<!-- This site is optimized with the Yoast SEO plugin v27.3 - https:\/\/yoast.com\/product\/yoast-seo-wordpress\/ -->\n<title>Au fil des mois - Sion Commerces et Services<\/title>\n<meta name=\"description\" content=\"Au fil des mois, soins esth\u00e9tiques, microblading, rehaussement des cils, est membre de Sion, Commerces et Services.\" \/>\n<meta name=\"robots\" content=\"index, follow, max-snippet:-1, max-image-preview:large, max-video-preview:-1\" \/>\n<link rel=\"canonical\" href=\"https:\/\/scs-sion.ch\/commerces-de-sion\/au-fil-des-mois\/\" \/>\n<meta property=\"og:locale\" content=\"fr_FR\" \/>\n<meta property=\"og:type\" content=\"article\" \/>\n<meta property=\"og:title\" content=\"Au fil des mois - Sion Commerces et Services\" \/>\n<meta property=\"og:description\" content=\"Au fil des mois, soins esth\u00e9tiques, microblading, rehaussement des cils, est membre de Sion, Commerces et Services.\" \/>\n<meta property=\"og:url\" content=\"https:\/\/scs-sion.ch\/commerces-de-sion\/au-fil-des-mois\/\" \/>\n<meta property=\"og:site_name\" content=\"Sion Commerces et Services\" \/>\n<meta property=\"article:publisher\" content=\"https:\/\/www.facebook.com\/scssion\/\" \/>\n<meta property=\"article:published_time\" content=\"2023-05-04T12:41:33+00:00\" \/>\n<meta property=\"article:modified_time\" content=\"2024-03-20T10:50:27+00:00\" \/>\n<meta property=\"og:image\" content=\"https:\/\/scs-sion.ch\/commerces-de-sion\/wp-content\/uploads\/2023\/05\/au-fil-des-mois.png\" \/>\n\t<meta property=\"og:image:width\" content=\"500\" \/>\n\t<meta property=\"og:image:height\" content=\"320\" \/>\n\t<meta property=\"og:image:type\" content=\"image\/png\" \/>\n<meta name=\"author\" content=\"Christophe\" \/>\n<meta name=\"twitter:card\" content=\"summary_large_image\" \/>\n<meta name=\"twitter:label1\" content=\"\u00c9crit par\" \/>\n\t<meta name=\"twitter:data1\" content=\"Christophe\" \/>\n\t<meta name=\"twitter:label2\" content=\"Dur\u00e9e de lecture estim\u00e9e\" \/>\n\t<meta name=\"twitter:data2\" content=\"1 minute\" \/>\n<script type=\"application\/ld+json\" class=\"yoast-schema-graph\">{\"@context\":\"https:\\\/\\\/schema.org\",\"@graph\":[{\"@type\":\"Article\",\"@id\":\"https:\\\/\\\/scs-sion.ch\\\/commerces-de-sion\\\/au-fil-des-mois\\\/#article\",\"isPartOf\":{\"@id\":\"https:\\\/\\\/scs-sion.ch\\\/commerces-de-sion\\\/au-fil-des-mois\\\/\"},\"author\":{\"name\":\"Christophe\",\"@id\":\"https:\\\/\\\/scs-sion.ch\\\/commerces-de-sion\\\/#\\\/schema\\\/person\\\/dad6f97a0f59607445ef48baa193509f\"},\"headline\":\"Au fil des mois\",\"datePublished\":\"2023-05-04T12:41:33+00:00\",\"dateModified\":\"2024-03-20T10:50:27+00:00\",\"mainEntityOfPage\":{\"@id\":\"https:\\\/\\\/scs-sion.ch\\\/commerces-de-sion\\\/au-fil-des-mois\\\/\"},\"wordCount\":242,\"publisher\":{\"@id\":\"https:\\\/\\\/scs-sion.ch\\\/commerces-de-sion\\\/#organization\"},\"image\":{\"@id\":\"https:\\\/\\\/scs-sion.ch\\\/commerces-de-sion\\\/au-fil-des-mois\\\/#primaryimage\"},\"thumbnailUrl\":\"https:\\\/\\\/scs-sion.ch\\\/commerces-de-sion\\\/wp-content\\\/uploads\\\/2023\\\/05\\\/au-fil-des-mois.png\",\"articleSection\":[\"Magasins\"],\"inLanguage\":\"fr-FR\"},{\"@type\":\"WebPage\",\"@id\":\"https:\\\/\\\/scs-sion.ch\\\/commerces-de-sion\\\/au-fil-des-mois\\\/\",\"url\":\"https:\\\/\\\/scs-sion.ch\\\/commerces-de-sion\\\/au-fil-des-mois\\\/\",\"name\":\"Au fil des mois - Sion Commerces et Services\",\"isPartOf\":{\"@id\":\"https:\\\/\\\/scs-sion.ch\\\/commerces-de-sion\\\/#website\"},\"primaryImageOfPage\":{\"@id\":\"https:\\\/\\\/scs-sion.ch\\\/commerces-de-sion\\\/au-fil-des-mois\\\/#primaryimage\"},\"image\":{\"@id\":\"https:\\\/\\\/scs-sion.ch\\\/commerces-de-sion\\\/au-fil-des-mois\\\/#primaryimage\"},\"thumbnailUrl\":\"https:\\\/\\\/scs-sion.ch\\\/commerces-de-sion\\\/wp-content\\\/uploads\\\/2023\\\/05\\\/au-fil-des-mois.png\",\"datePublished\":\"2023-05-04T12:41:33+00:00\",\"dateModified\":\"2024-03-20T10:50:27+00:00\",\"description\":\"Au fil des mois, soins esth\u00e9tiques, microblading, rehaussement des cils, est membre de Sion, Commerces et Services.\",\"breadcrumb\":{\"@id\":\"https:\\\/\\\/scs-sion.ch\\\/commerces-de-sion\\\/au-fil-des-mois\\\/#breadcrumb\"},\"inLanguage\":\"fr-FR\",\"potentialAction\":[{\"@type\":\"ReadAction\",\"target\":[\"https:\\\/\\\/scs-sion.ch\\\/commerces-de-sion\\\/au-fil-des-mois\\\/\"]}]},{\"@type\":\"ImageObject\",\"inLanguage\":\"fr-FR\",\"@id\":\"https:\\\/\\\/scs-sion.ch\\\/commerces-de-sion\\\/au-fil-des-mois\\\/#primaryimage\",\"url\":\"https:\\\/\\\/scs-sion.ch\\\/commerces-de-sion\\\/wp-content\\\/uploads\\\/2023\\\/05\\\/au-fil-des-mois.png\",\"contentUrl\":\"https:\\\/\\\/scs-sion.ch\\\/commerces-de-sion\\\/wp-content\\\/uploads\\\/2023\\\/05\\\/au-fil-des-mois.png\",\"width\":500,\"height\":320,\"caption\":\"Logo Au Fil des Mois\"},{\"@type\":\"BreadcrumbList\",\"@id\":\"https:\\\/\\\/scs-sion.ch\\\/commerces-de-sion\\\/au-fil-des-mois\\\/#breadcrumb\",\"itemListElement\":[{\"@type\":\"ListItem\",\"position\":1,\"name\":\"Accueil\",\"item\":\"https:\\\/\\\/scs-sion.ch\\\/commerces-de-sion\\\/\"},{\"@type\":\"ListItem\",\"position\":2,\"name\":\"Au fil des mois\"}]},{\"@type\":\"WebSite\",\"@id\":\"https:\\\/\\\/scs-sion.ch\\\/commerces-de-sion\\\/#website\",\"url\":\"https:\\\/\\\/scs-sion.ch\\\/commerces-de-sion\\\/\",\"name\":\"Sion Commerces et Services\",\"description\":\"\",\"publisher\":{\"@id\":\"https:\\\/\\\/scs-sion.ch\\\/commerces-de-sion\\\/#organization\"},\"potentialAction\":[{\"@type\":\"SearchAction\",\"target\":{\"@type\":\"EntryPoint\",\"urlTemplate\":\"https:\\\/\\\/scs-sion.ch\\\/commerces-de-sion\\\/?s={search_term_string}\"},\"query-input\":{\"@type\":\"PropertyValueSpecification\",\"valueRequired\":true,\"valueName\":\"search_term_string\"}}],\"inLanguage\":\"fr-FR\"},{\"@type\":\"Organization\",\"@id\":\"https:\\\/\\\/scs-sion.ch\\\/commerces-de-sion\\\/#organization\",\"name\":\"Sion Commerces et Services\",\"url\":\"https:\\\/\\\/scs-sion.ch\\\/commerces-de-sion\\\/\",\"logo\":{\"@type\":\"ImageObject\",\"inLanguage\":\"fr-FR\",\"@id\":\"https:\\\/\\\/scs-sion.ch\\\/commerces-de-sion\\\/#\\\/schema\\\/logo\\\/image\\\/\",\"url\":\"https:\\\/\\\/scs-sion.ch\\\/commerces-de-sion\\\/wp-content\\\/uploads\\\/2023\\\/05\\\/membre-sans-logo.png\",\"contentUrl\":\"https:\\\/\\\/scs-sion.ch\\\/commerces-de-sion\\\/wp-content\\\/uploads\\\/2023\\\/05\\\/membre-sans-logo.png\",\"width\":500,\"height\":320,\"caption\":\"Sion Commerces et Services\"},\"image\":{\"@id\":\"https:\\\/\\\/scs-sion.ch\\\/commerces-de-sion\\\/#\\\/schema\\\/logo\\\/image\\\/\"},\"sameAs\":[\"https:\\\/\\\/www.facebook.com\\\/scssion\\\/\"]},{\"@type\":\"Person\",\"@id\":\"https:\\\/\\\/scs-sion.ch\\\/commerces-de-sion\\\/#\\\/schema\\\/person\\\/dad6f97a0f59607445ef48baa193509f\",\"name\":\"Christophe\",\"image\":{\"@type\":\"ImageObject\",\"inLanguage\":\"fr-FR\",\"@id\":\"https:\\\/\\\/secure.gravatar.com\\\/avatar\\\/ed325adc1920fba0d2525fe3f79804e3c590eaa09ba49722312295565437a9f8?s=96&d=mm&r=g\",\"url\":\"https:\\\/\\\/secure.gravatar.com\\\/avatar\\\/ed325adc1920fba0d2525fe3f79804e3c590eaa09ba49722312295565437a9f8?s=96&d=mm&r=g\",\"contentUrl\":\"https:\\\/\\\/secure.gravatar.com\\\/avatar\\\/ed325adc1920fba0d2525fe3f79804e3c590eaa09ba49722312295565437a9f8?s=96&d=mm&r=g\",\"caption\":\"Christophe\"}}]}<\/script>\n<!-- \/ Yoast SEO plugin. -->","yoast_head_json":{"title":"Au fil des mois - Sion Commerces et Services","description":"Au fil des mois, soins esth\u00e9tiques, microblading, rehaussement des cils, est membre de Sion, Commerces et Services.","robots":{"index":"index","follow":"follow","max-snippet":"max-snippet:-1","max-image-preview":"max-image-preview:large","max-video-preview":"max-video-preview:-1"},"canonical":"https:\/\/scs-sion.ch\/commerces-de-sion\/au-fil-des-mois\/","og_locale":"fr_FR","og_type":"article","og_title":"Au fil des mois - Sion Commerces et Services","og_description":"Au fil des mois, soins esth\u00e9tiques, microblading, rehaussement des cils, est membre de Sion, Commerces et Services.","og_url":"https:\/\/scs-sion.ch\/commerces-de-sion\/au-fil-des-mois\/","og_site_name":"Sion Commerces et Services","article_publisher":"https:\/\/www.facebook.com\/scssion\/","article_published_time":"2023-05-04T12:41:33+00:00","article_modified_time":"2024-03-20T10:50:27+00:00","og_image":[{"width":500,"height":320,"url":"https:\/\/scs-sion.ch\/commerces-de-sion\/wp-content\/uploads\/2023\/05\/au-fil-des-mois.png","type":"image\/png"}],"author":"Christophe","twitter_card":"summary_large_image","twitter_misc":{"\u00c9crit par":"Christophe","Dur\u00e9e de lecture estim\u00e9e":"1 minute"},"schema":{"@context":"https:\/\/schema.org","@graph":[{"@type":"Article","@id":"https:\/\/scs-sion.ch\/commerces-de-sion\/au-fil-des-mois\/#article","isPartOf":{"@id":"https:\/\/scs-sion.ch\/commerces-de-sion\/au-fil-des-mois\/"},"author":{"name":"Christophe","@id":"https:\/\/scs-sion.ch\/commerces-de-sion\/#\/schema\/person\/dad6f97a0f59607445ef48baa193509f"},"headline":"Au fil des mois","datePublished":"2023-05-04T12:41:33+00:00","dateModified":"2024-03-20T10:50:27+00:00","mainEntityOfPage":{"@id":"https:\/\/scs-sion.ch\/commerces-de-sion\/au-fil-des-mois\/"},"wordCount":242,"publisher":{"@id":"https:\/\/scs-sion.ch\/commerces-de-sion\/#organization"},"image":{"@id":"https:\/\/scs-sion.ch\/commerces-de-sion\/au-fil-des-mois\/#primaryimage"},"thumbnailUrl":"https:\/\/scs-sion.ch\/commerces-de-sion\/wp-content\/uploads\/2023\/05\/au-fil-des-mois.png","articleSection":["Magasins"],"inLanguage":"fr-FR"},{"@type":"WebPage","@id":"https:\/\/scs-sion.ch\/commerces-de-sion\/au-fil-des-mois\/","url":"https:\/\/scs-sion.ch\/commerces-de-sion\/au-fil-des-mois\/","name":"Au fil des mois - Sion Commerces et Services","isPartOf":{"@id":"https:\/\/scs-sion.ch\/commerces-de-sion\/#website"},"primaryImageOfPage":{"@id":"https:\/\/scs-sion.ch\/commerces-de-sion\/au-fil-des-mois\/#primaryimage"},"image":{"@id":"https:\/\/scs-sion.ch\/commerces-de-sion\/au-fil-des-mois\/#primaryimage"},"thumbnailUrl":"https:\/\/scs-sion.ch\/commerces-de-sion\/wp-content\/uploads\/2023\/05\/au-fil-des-mois.png","datePublished":"2023-05-04T12:41:33+00:00","dateModified":"2024-03-20T10:50:27+00:00","description":"Au fil des mois, soins esth\u00e9tiques, microblading, rehaussement des cils, est membre de Sion, Commerces et Services.","breadcrumb":{"@id":"https:\/\/scs-sion.ch\/commerces-de-sion\/au-fil-des-mois\/#breadcrumb"},"inLanguage":"fr-FR","potentialAction":[{"@type":"ReadAction","target":["https:\/\/scs-sion.ch\/commerces-de-sion\/au-fil-des-mois\/"]}]},{"@type":"ImageObject","inLanguage":"fr-FR","@id":"https:\/\/scs-sion.ch\/commerces-de-sion\/au-fil-des-mois\/#primaryimage","url":"https:\/\/scs-sion.ch\/commerces-de-sion\/wp-content\/uploads\/2023\/05\/au-fil-des-mois.png","contentUrl":"https:\/\/scs-sion.ch\/commerces-de-sion\/wp-content\/uploads\/2023\/05\/au-fil-des-mois.png","width":500,"height":320,"caption":"Logo Au Fil des Mois"},{"@type":"BreadcrumbList","@id":"https:\/\/scs-sion.ch\/commerces-de-sion\/au-fil-des-mois\/#breadcrumb","itemListElement":[{"@type":"ListItem","position":1,"name":"Accueil","item":"https:\/\/scs-sion.ch\/commerces-de-sion\/"},{"@type":"ListItem","position":2,"name":"Au fil des mois"}]},{"@type":"WebSite","@id":"https:\/\/scs-sion.ch\/commerces-de-sion\/#website","url":"https:\/\/scs-sion.ch\/commerces-de-sion\/","name":"Sion Commerces et Services","description":"","publisher":{"@id":"https:\/\/scs-sion.ch\/commerces-de-sion\/#organization"},"potentialAction":[{"@type":"SearchAction","target":{"@type":"EntryPoint","urlTemplate":"https:\/\/scs-sion.ch\/commerces-de-sion\/?s={search_term_string}"},"query-input":{"@type":"PropertyValueSpecification","valueRequired":true,"valueName":"search_term_string"}}],"inLanguage":"fr-FR"},{"@type":"Organization","@id":"https:\/\/scs-sion.ch\/commerces-de-sion\/#organization","name":"Sion Commerces et Services","url":"https:\/\/scs-sion.ch\/commerces-de-sion\/","logo":{"@type":"ImageObject","inLanguage":"fr-FR","@id":"https:\/\/scs-sion.ch\/commerces-de-sion\/#\/schema\/logo\/image\/","url":"https:\/\/scs-sion.ch\/commerces-de-sion\/wp-content\/uploads\/2023\/05\/membre-sans-logo.png","contentUrl":"https:\/\/scs-sion.ch\/commerces-de-sion\/wp-content\/uploads\/2023\/05\/membre-sans-logo.png","width":500,"height":320,"caption":"Sion Commerces et Services"},"image":{"@id":"https:\/\/scs-sion.ch\/commerces-de-sion\/#\/schema\/logo\/image\/"},"sameAs":["https:\/\/www.facebook.com\/scssion\/"]},{"@type":"Person","@id":"https:\/\/scs-sion.ch\/commerces-de-sion\/#\/schema\/person\/dad6f97a0f59607445ef48baa193509f","name":"Christophe","image":{"@type":"ImageObject","inLanguage":"fr-FR","@id":"https:\/\/secure.gravatar.com\/avatar\/ed325adc1920fba0d2525fe3f79804e3c590eaa09ba49722312295565437a9f8?s=96&d=mm&r=g","url":"https:\/\/secure.gravatar.com\/avatar\/ed325adc1920fba0d2525fe3f79804e3c590eaa09ba49722312295565437a9f8?s=96&d=mm&r=g","contentUrl":"https:\/\/secure.gravatar.com\/avatar\/ed325adc1920fba0d2525fe3f79804e3c590eaa09ba49722312295565437a9f8?s=96&d=mm&r=g","caption":"Christophe"}}]}},"_links":{"self":[{"href":"https:\/\/scs-sion.ch\/commerces-de-sion\/wp-json\/wp\/v2\/posts\/743","targetHints":{"allow":["GET"]}}],"collection":[{"href":"https:\/\/scs-sion.ch\/commerces-de-sion\/wp-json\/wp\/v2\/posts"}],"about":[{"href":"https:\/\/scs-sion.ch\/commerces-de-sion\/wp-json\/wp\/v2\/types\/post"}],"author":[{"embeddable":true,"href":"https:\/\/scs-sion.ch\/commerces-de-sion\/wp-json\/wp\/v2\/users\/2"}],"replies":[{"embeddable":true,"href":"https:\/\/scs-sion.ch\/commerces-de-sion\/wp-json\/wp\/v2\/comments?post=743"}],"version-history":[{"count":5,"href":"https:\/\/scs-sion.ch\/commerces-de-sion\/wp-json\/wp\/v2\/posts\/743\/revisions"}],"predecessor-version":[{"id":1794,"href":"https:\/\/scs-sion.ch\/commerces-de-sion\/wp-json\/wp\/v2\/posts\/743\/revisions\/1794"}],"wp:featuredmedia":[{"embeddable":true,"href":"https:\/\/scs-sion.ch\/commerces-de-sion\/wp-json\/wp\/v2\/media\/745"}],"wp:attachment":[{"href":"https:\/\/scs-sion.ch\/commerces-de-sion\/wp-json\/wp\/v2\/media?parent=743"}],"wp:term":[{"taxonomy":"category","embeddable":true,"href":"https:\/\/scs-sion.ch\/commerces-de-sion\/wp-json\/wp\/v2\/categories?post=743"},{"taxonomy":"post_tag","embeddable":true,"href":"https:\/\/scs-sion.ch\/commerces-de-sion\/wp-json\/wp\/v2\/tags?post=743"}],"curies":[{"name":"wp","href":"https:\/\/api.w.org\/{rel}","templated":true}]}}