{"id":503,"date":"2023-05-03T11:11:20","date_gmt":"2023-05-03T09:11:20","guid":{"rendered":"http:\/\/scs-sion.ch\/commerces-de-sion\/?p=503"},"modified":"2023-05-08T21:27:14","modified_gmt":"2023-05-08T19:27:14","slug":"cafe-rest-lenclos-de-valere","status":"publish","type":"post","link":"https:\/\/scs-sion.ch\/commerces-de-sion\/cafe-rest-lenclos-de-valere\/","title":{"rendered":"Caf\u00e9 Rest. L\u2019Enclos de Val\u00e8re"},"content":{"rendered":"<p>[et_pb_section fb_built=\u00a0\u00bb1&Prime; admin_label=\u00a0\u00bbsection\u00a0\u00bb _builder_version=\u00a0\u00bb4.16&Prime; global_colors_info=\u00a0\u00bb{}\u00a0\u00bb][et_pb_row admin_label=\u00a0\u00bbrow\u00a0\u00bb _builder_version=\u00a0\u00bb4.16&Prime; background_size=\u00a0\u00bbinitial\u00a0\u00bb background_position=\u00a0\u00bbtop_left\u00a0\u00bb background_repeat=\u00a0\u00bbrepeat\u00a0\u00bb global_colors_info=\u00a0\u00bb{}\u00a0\u00bb][et_pb_column type=\u00a0\u00bb4_4&Prime; _builder_version=\u00a0\u00bb4.16&Prime; custom_padding=\u00a0\u00bb|||\u00a0\u00bb global_colors_info=\u00a0\u00bb{}\u00a0\u00bb custom_padding__hover=\u00a0\u00bb|||\u00a0\u00bb][et_pb_text _builder_version=\u00a0\u00bb4.20.4&Prime; _module_preset=\u00a0\u00bbdefault\u00a0\u00bb global_colors_info=\u00a0\u00bb{}\u00a0\u00bb][\/et_pb_text][et_pb_text _builder_version=\u00a0\u00bb4.20.4&Prime; _module_preset=\u00a0\u00bbdefault\u00a0\u00bb header_6_font=\u00a0\u00bb|600|||||||\u00a0\u00bb global_colors_info=\u00a0\u00bb{}\u00a0\u00bb]<\/p>\n<h6>Heures d&rsquo;ouverture<\/h6>\n<p>[\/et_pb_text][et_pb_text _builder_version=\u00a0\u00bb4.20.4&Prime; _module_preset=\u00a0\u00bbdefault\u00a0\u00bb text_text_color=\u00a0\u00bb#FF6F33&Prime; header_6_font=\u00a0\u00bb|600|||||||\u00a0\u00bb global_colors_info=\u00a0\u00bb{}\u00a0\u00bb]<\/p>\n<h6>Contact<\/h6>\n<p><i class=\"fa-light fa-phone\"><\/i><a href=\"tel:+41273233230\">027 323 32 30<\/a><\/p>\n<p><i class=\"fa-light fa-house\"><\/i><a href=\"http:\/\/www.enclosdevalere.ch\/\" target=\"_blank\" rel=\"noopener\">www.enclosdevalere.ch<\/a><\/p>\n<p>[\/et_pb_text][\/et_pb_column][\/et_pb_row][et_pb_row _builder_version=\u00a0\u00bb4.20.4&Prime; _module_preset=\u00a0\u00bbdefault\u00a0\u00bb global_colors_info=\u00a0\u00bb{}\u00a0\u00bb][et_pb_column type=\u00a0\u00bb4_4&Prime; _builder_version=\u00a0\u00bb4.20.4&Prime; _module_preset=\u00a0\u00bbdefault\u00a0\u00bb global_colors_info=\u00a0\u00bb{}\u00a0\u00bb][et_pb_text _builder_version=\u00a0\u00bb4.20.4&Prime; _module_preset=\u00a0\u00bbdefault\u00a0\u00bb global_colors_info=\u00a0\u00bb{}\u00a0\u00bb]<button class=\"btnBack\" onclick=\"history.go(-1)\">&lt; Retour<\/button>[\/et_pb_text][\/et_pb_column][\/et_pb_row][\/et_pb_section]<\/p>\n","protected":false},"excerpt":{"rendered":"<p>Heures d&rsquo;ouvertureContact 027 323 32 30 www.enclosdevalere.ch&lt; Retour<\/p>\n","protected":false},"author":3,"featured_media":1161,"comment_status":"closed","ping_status":"open","sticky":false,"template":"","format":"standard","meta":{"_et_pb_use_builder":"on","_et_pb_old_content":"","_et_gb_content_width":"","inline_featured_image":false,"footnotes":""},"categories":[17,20],"tags":[],"class_list":["post-503","post","type-post","status-publish","format-standard","has-post-thumbnail","hentry","category-hotels-restauration","category-restaurant"],"yoast_head":"<!-- This site is optimized with the Yoast SEO plugin v27.3 - https:\/\/yoast.com\/product\/yoast-seo-wordpress\/ -->\n<title>Caf\u00e9 Rest. L\u2019Enclos de Val\u00e8re - Sion Commerces et Services<\/title>\n<meta name=\"robots\" content=\"index, follow, max-snippet:-1, max-image-preview:large, max-video-preview:-1\" \/>\n<link rel=\"canonical\" href=\"https:\/\/scs-sion.ch\/commerces-de-sion\/cafe-rest-lenclos-de-valere\/\" \/>\n<meta property=\"og:locale\" content=\"fr_FR\" \/>\n<meta property=\"og:type\" content=\"article\" \/>\n<meta property=\"og:title\" content=\"Caf\u00e9 Rest. L\u2019Enclos de Val\u00e8re - Sion Commerces et Services\" \/>\n<meta property=\"og:description\" content=\"Heures d&#039;ouvertureContact 027 323 32 30 www.enclosdevalere.ch&lt; Retour\" \/>\n<meta property=\"og:url\" content=\"https:\/\/scs-sion.ch\/commerces-de-sion\/cafe-rest-lenclos-de-valere\/\" \/>\n<meta property=\"og:site_name\" content=\"Sion Commerces et Services\" \/>\n<meta property=\"article:publisher\" content=\"https:\/\/www.facebook.com\/scssion\/\" \/>\n<meta property=\"article:published_time\" content=\"2023-05-03T09:11:20+00:00\" \/>\n<meta property=\"article:modified_time\" content=\"2023-05-08T19:27:14+00:00\" \/>\n<meta property=\"og:image\" content=\"https:\/\/scs-sion.ch\/commerces-de-sion\/wp-content\/uploads\/2023\/05\/enclos-valere.png\" \/>\n\t<meta property=\"og:image:width\" content=\"500\" \/>\n\t<meta property=\"og:image:height\" content=\"320\" \/>\n\t<meta property=\"og:image:type\" content=\"image\/png\" \/>\n<meta name=\"author\" content=\"edITo7JqBep0-1\" \/>\n<meta name=\"twitter:card\" content=\"summary_large_image\" \/>\n<meta name=\"twitter:label1\" content=\"\u00c9crit par\" \/>\n\t<meta name=\"twitter:data1\" content=\"edITo7JqBep0-1\" \/>\n\t<meta name=\"twitter:label2\" content=\"Dur\u00e9e de lecture estim\u00e9e\" \/>\n\t<meta name=\"twitter:data2\" content=\"1 minute\" \/>\n<script type=\"application\/ld+json\" class=\"yoast-schema-graph\">{\"@context\":\"https:\\\/\\\/schema.org\",\"@graph\":[{\"@type\":\"Article\",\"@id\":\"https:\\\/\\\/scs-sion.ch\\\/commerces-de-sion\\\/cafe-rest-lenclos-de-valere\\\/#article\",\"isPartOf\":{\"@id\":\"https:\\\/\\\/scs-sion.ch\\\/commerces-de-sion\\\/cafe-rest-lenclos-de-valere\\\/\"},\"author\":{\"name\":\"edITo7JqBep0-1\",\"@id\":\"https:\\\/\\\/scs-sion.ch\\\/commerces-de-sion\\\/#\\\/schema\\\/person\\\/b235dc5ba9ed16691b0098af3b5ccbf4\"},\"headline\":\"Caf\u00e9 Rest. L\u2019Enclos de Val\u00e8re\",\"datePublished\":\"2023-05-03T09:11:20+00:00\",\"dateModified\":\"2023-05-08T19:27:14+00:00\",\"mainEntityOfPage\":{\"@id\":\"https:\\\/\\\/scs-sion.ch\\\/commerces-de-sion\\\/cafe-rest-lenclos-de-valere\\\/\"},\"wordCount\":166,\"publisher\":{\"@id\":\"https:\\\/\\\/scs-sion.ch\\\/commerces-de-sion\\\/#organization\"},\"image\":{\"@id\":\"https:\\\/\\\/scs-sion.ch\\\/commerces-de-sion\\\/cafe-rest-lenclos-de-valere\\\/#primaryimage\"},\"thumbnailUrl\":\"https:\\\/\\\/scs-sion.ch\\\/commerces-de-sion\\\/wp-content\\\/uploads\\\/2023\\\/05\\\/enclos-valere.png\",\"articleSection\":[\"H\u00f4tels &amp; Restauration\",\"Restaurant\"],\"inLanguage\":\"fr-FR\"},{\"@type\":\"WebPage\",\"@id\":\"https:\\\/\\\/scs-sion.ch\\\/commerces-de-sion\\\/cafe-rest-lenclos-de-valere\\\/\",\"url\":\"https:\\\/\\\/scs-sion.ch\\\/commerces-de-sion\\\/cafe-rest-lenclos-de-valere\\\/\",\"name\":\"Caf\u00e9 Rest. L\u2019Enclos de Val\u00e8re - Sion Commerces et Services\",\"isPartOf\":{\"@id\":\"https:\\\/\\\/scs-sion.ch\\\/commerces-de-sion\\\/#website\"},\"primaryImageOfPage\":{\"@id\":\"https:\\\/\\\/scs-sion.ch\\\/commerces-de-sion\\\/cafe-rest-lenclos-de-valere\\\/#primaryimage\"},\"image\":{\"@id\":\"https:\\\/\\\/scs-sion.ch\\\/commerces-de-sion\\\/cafe-rest-lenclos-de-valere\\\/#primaryimage\"},\"thumbnailUrl\":\"https:\\\/\\\/scs-sion.ch\\\/commerces-de-sion\\\/wp-content\\\/uploads\\\/2023\\\/05\\\/enclos-valere.png\",\"datePublished\":\"2023-05-03T09:11:20+00:00\",\"dateModified\":\"2023-05-08T19:27:14+00:00\",\"breadcrumb\":{\"@id\":\"https:\\\/\\\/scs-sion.ch\\\/commerces-de-sion\\\/cafe-rest-lenclos-de-valere\\\/#breadcrumb\"},\"inLanguage\":\"fr-FR\",\"potentialAction\":[{\"@type\":\"ReadAction\",\"target\":[\"https:\\\/\\\/scs-sion.ch\\\/commerces-de-sion\\\/cafe-rest-lenclos-de-valere\\\/\"]}]},{\"@type\":\"ImageObject\",\"inLanguage\":\"fr-FR\",\"@id\":\"https:\\\/\\\/scs-sion.ch\\\/commerces-de-sion\\\/cafe-rest-lenclos-de-valere\\\/#primaryimage\",\"url\":\"https:\\\/\\\/scs-sion.ch\\\/commerces-de-sion\\\/wp-content\\\/uploads\\\/2023\\\/05\\\/enclos-valere.png\",\"contentUrl\":\"https:\\\/\\\/scs-sion.ch\\\/commerces-de-sion\\\/wp-content\\\/uploads\\\/2023\\\/05\\\/enclos-valere.png\",\"width\":500,\"height\":320,\"caption\":\"L'Enclos de Val\u00e8re\"},{\"@type\":\"BreadcrumbList\",\"@id\":\"https:\\\/\\\/scs-sion.ch\\\/commerces-de-sion\\\/cafe-rest-lenclos-de-valere\\\/#breadcrumb\",\"itemListElement\":[{\"@type\":\"ListItem\",\"position\":1,\"name\":\"Accueil\",\"item\":\"https:\\\/\\\/scs-sion.ch\\\/commerces-de-sion\\\/\"},{\"@type\":\"ListItem\",\"position\":2,\"name\":\"Caf\u00e9 Rest. L\u2019Enclos de Val\u00e8re\"}]},{\"@type\":\"WebSite\",\"@id\":\"https:\\\/\\\/scs-sion.ch\\\/commerces-de-sion\\\/#website\",\"url\":\"https:\\\/\\\/scs-sion.ch\\\/commerces-de-sion\\\/\",\"name\":\"Sion Commerces et Services\",\"description\":\"\",\"publisher\":{\"@id\":\"https:\\\/\\\/scs-sion.ch\\\/commerces-de-sion\\\/#organization\"},\"potentialAction\":[{\"@type\":\"SearchAction\",\"target\":{\"@type\":\"EntryPoint\",\"urlTemplate\":\"https:\\\/\\\/scs-sion.ch\\\/commerces-de-sion\\\/?s={search_term_string}\"},\"query-input\":{\"@type\":\"PropertyValueSpecification\",\"valueRequired\":true,\"valueName\":\"search_term_string\"}}],\"inLanguage\":\"fr-FR\"},{\"@type\":\"Organization\",\"@id\":\"https:\\\/\\\/scs-sion.ch\\\/commerces-de-sion\\\/#organization\",\"name\":\"Sion Commerces et Services\",\"url\":\"https:\\\/\\\/scs-sion.ch\\\/commerces-de-sion\\\/\",\"logo\":{\"@type\":\"ImageObject\",\"inLanguage\":\"fr-FR\",\"@id\":\"https:\\\/\\\/scs-sion.ch\\\/commerces-de-sion\\\/#\\\/schema\\\/logo\\\/image\\\/\",\"url\":\"https:\\\/\\\/scs-sion.ch\\\/commerces-de-sion\\\/wp-content\\\/uploads\\\/2023\\\/05\\\/membre-sans-logo.png\",\"contentUrl\":\"https:\\\/\\\/scs-sion.ch\\\/commerces-de-sion\\\/wp-content\\\/uploads\\\/2023\\\/05\\\/membre-sans-logo.png\",\"width\":500,\"height\":320,\"caption\":\"Sion Commerces et Services\"},\"image\":{\"@id\":\"https:\\\/\\\/scs-sion.ch\\\/commerces-de-sion\\\/#\\\/schema\\\/logo\\\/image\\\/\"},\"sameAs\":[\"https:\\\/\\\/www.facebook.com\\\/scssion\\\/\"]},{\"@type\":\"Person\",\"@id\":\"https:\\\/\\\/scs-sion.ch\\\/commerces-de-sion\\\/#\\\/schema\\\/person\\\/b235dc5ba9ed16691b0098af3b5ccbf4\",\"name\":\"edITo7JqBep0-1\",\"image\":{\"@type\":\"ImageObject\",\"inLanguage\":\"fr-FR\",\"@id\":\"https:\\\/\\\/secure.gravatar.com\\\/avatar\\\/0493601b97c7546e59e3852f907ef480210ec87f52349506dbddb6993c3fd986?s=96&d=mm&r=g\",\"url\":\"https:\\\/\\\/secure.gravatar.com\\\/avatar\\\/0493601b97c7546e59e3852f907ef480210ec87f52349506dbddb6993c3fd986?s=96&d=mm&r=g\",\"contentUrl\":\"https:\\\/\\\/secure.gravatar.com\\\/avatar\\\/0493601b97c7546e59e3852f907ef480210ec87f52349506dbddb6993c3fd986?s=96&d=mm&r=g\",\"caption\":\"edITo7JqBep0-1\"}}]}<\/script>\n<!-- \/ Yoast SEO plugin. -->","yoast_head_json":{"title":"Caf\u00e9 Rest. L\u2019Enclos de Val\u00e8re - Sion Commerces et Services","robots":{"index":"index","follow":"follow","max-snippet":"max-snippet:-1","max-image-preview":"max-image-preview:large","max-video-preview":"max-video-preview:-1"},"canonical":"https:\/\/scs-sion.ch\/commerces-de-sion\/cafe-rest-lenclos-de-valere\/","og_locale":"fr_FR","og_type":"article","og_title":"Caf\u00e9 Rest. L\u2019Enclos de Val\u00e8re - Sion Commerces et Services","og_description":"Heures d'ouvertureContact 027 323 32 30 www.enclosdevalere.ch&lt; Retour","og_url":"https:\/\/scs-sion.ch\/commerces-de-sion\/cafe-rest-lenclos-de-valere\/","og_site_name":"Sion Commerces et Services","article_publisher":"https:\/\/www.facebook.com\/scssion\/","article_published_time":"2023-05-03T09:11:20+00:00","article_modified_time":"2023-05-08T19:27:14+00:00","og_image":[{"width":500,"height":320,"url":"https:\/\/scs-sion.ch\/commerces-de-sion\/wp-content\/uploads\/2023\/05\/enclos-valere.png","type":"image\/png"}],"author":"edITo7JqBep0-1","twitter_card":"summary_large_image","twitter_misc":{"\u00c9crit par":"edITo7JqBep0-1","Dur\u00e9e de lecture estim\u00e9e":"1 minute"},"schema":{"@context":"https:\/\/schema.org","@graph":[{"@type":"Article","@id":"https:\/\/scs-sion.ch\/commerces-de-sion\/cafe-rest-lenclos-de-valere\/#article","isPartOf":{"@id":"https:\/\/scs-sion.ch\/commerces-de-sion\/cafe-rest-lenclos-de-valere\/"},"author":{"name":"edITo7JqBep0-1","@id":"https:\/\/scs-sion.ch\/commerces-de-sion\/#\/schema\/person\/b235dc5ba9ed16691b0098af3b5ccbf4"},"headline":"Caf\u00e9 Rest. L\u2019Enclos de Val\u00e8re","datePublished":"2023-05-03T09:11:20+00:00","dateModified":"2023-05-08T19:27:14+00:00","mainEntityOfPage":{"@id":"https:\/\/scs-sion.ch\/commerces-de-sion\/cafe-rest-lenclos-de-valere\/"},"wordCount":166,"publisher":{"@id":"https:\/\/scs-sion.ch\/commerces-de-sion\/#organization"},"image":{"@id":"https:\/\/scs-sion.ch\/commerces-de-sion\/cafe-rest-lenclos-de-valere\/#primaryimage"},"thumbnailUrl":"https:\/\/scs-sion.ch\/commerces-de-sion\/wp-content\/uploads\/2023\/05\/enclos-valere.png","articleSection":["H\u00f4tels &amp; Restauration","Restaurant"],"inLanguage":"fr-FR"},{"@type":"WebPage","@id":"https:\/\/scs-sion.ch\/commerces-de-sion\/cafe-rest-lenclos-de-valere\/","url":"https:\/\/scs-sion.ch\/commerces-de-sion\/cafe-rest-lenclos-de-valere\/","name":"Caf\u00e9 Rest. L\u2019Enclos de Val\u00e8re - Sion Commerces et Services","isPartOf":{"@id":"https:\/\/scs-sion.ch\/commerces-de-sion\/#website"},"primaryImageOfPage":{"@id":"https:\/\/scs-sion.ch\/commerces-de-sion\/cafe-rest-lenclos-de-valere\/#primaryimage"},"image":{"@id":"https:\/\/scs-sion.ch\/commerces-de-sion\/cafe-rest-lenclos-de-valere\/#primaryimage"},"thumbnailUrl":"https:\/\/scs-sion.ch\/commerces-de-sion\/wp-content\/uploads\/2023\/05\/enclos-valere.png","datePublished":"2023-05-03T09:11:20+00:00","dateModified":"2023-05-08T19:27:14+00:00","breadcrumb":{"@id":"https:\/\/scs-sion.ch\/commerces-de-sion\/cafe-rest-lenclos-de-valere\/#breadcrumb"},"inLanguage":"fr-FR","potentialAction":[{"@type":"ReadAction","target":["https:\/\/scs-sion.ch\/commerces-de-sion\/cafe-rest-lenclos-de-valere\/"]}]},{"@type":"ImageObject","inLanguage":"fr-FR","@id":"https:\/\/scs-sion.ch\/commerces-de-sion\/cafe-rest-lenclos-de-valere\/#primaryimage","url":"https:\/\/scs-sion.ch\/commerces-de-sion\/wp-content\/uploads\/2023\/05\/enclos-valere.png","contentUrl":"https:\/\/scs-sion.ch\/commerces-de-sion\/wp-content\/uploads\/2023\/05\/enclos-valere.png","width":500,"height":320,"caption":"L'Enclos de Val\u00e8re"},{"@type":"BreadcrumbList","@id":"https:\/\/scs-sion.ch\/commerces-de-sion\/cafe-rest-lenclos-de-valere\/#breadcrumb","itemListElement":[{"@type":"ListItem","position":1,"name":"Accueil","item":"https:\/\/scs-sion.ch\/commerces-de-sion\/"},{"@type":"ListItem","position":2,"name":"Caf\u00e9 Rest. L\u2019Enclos de Val\u00e8re"}]},{"@type":"WebSite","@id":"https:\/\/scs-sion.ch\/commerces-de-sion\/#website","url":"https:\/\/scs-sion.ch\/commerces-de-sion\/","name":"Sion Commerces et Services","description":"","publisher":{"@id":"https:\/\/scs-sion.ch\/commerces-de-sion\/#organization"},"potentialAction":[{"@type":"SearchAction","target":{"@type":"EntryPoint","urlTemplate":"https:\/\/scs-sion.ch\/commerces-de-sion\/?s={search_term_string}"},"query-input":{"@type":"PropertyValueSpecification","valueRequired":true,"valueName":"search_term_string"}}],"inLanguage":"fr-FR"},{"@type":"Organization","@id":"https:\/\/scs-sion.ch\/commerces-de-sion\/#organization","name":"Sion Commerces et Services","url":"https:\/\/scs-sion.ch\/commerces-de-sion\/","logo":{"@type":"ImageObject","inLanguage":"fr-FR","@id":"https:\/\/scs-sion.ch\/commerces-de-sion\/#\/schema\/logo\/image\/","url":"https:\/\/scs-sion.ch\/commerces-de-sion\/wp-content\/uploads\/2023\/05\/membre-sans-logo.png","contentUrl":"https:\/\/scs-sion.ch\/commerces-de-sion\/wp-content\/uploads\/2023\/05\/membre-sans-logo.png","width":500,"height":320,"caption":"Sion Commerces et Services"},"image":{"@id":"https:\/\/scs-sion.ch\/commerces-de-sion\/#\/schema\/logo\/image\/"},"sameAs":["https:\/\/www.facebook.com\/scssion\/"]},{"@type":"Person","@id":"https:\/\/scs-sion.ch\/commerces-de-sion\/#\/schema\/person\/b235dc5ba9ed16691b0098af3b5ccbf4","name":"edITo7JqBep0-1","image":{"@type":"ImageObject","inLanguage":"fr-FR","@id":"https:\/\/secure.gravatar.com\/avatar\/0493601b97c7546e59e3852f907ef480210ec87f52349506dbddb6993c3fd986?s=96&d=mm&r=g","url":"https:\/\/secure.gravatar.com\/avatar\/0493601b97c7546e59e3852f907ef480210ec87f52349506dbddb6993c3fd986?s=96&d=mm&r=g","contentUrl":"https:\/\/secure.gravatar.com\/avatar\/0493601b97c7546e59e3852f907ef480210ec87f52349506dbddb6993c3fd986?s=96&d=mm&r=g","caption":"edITo7JqBep0-1"}}]}},"_links":{"self":[{"href":"https:\/\/scs-sion.ch\/commerces-de-sion\/wp-json\/wp\/v2\/posts\/503","targetHints":{"allow":["GET"]}}],"collection":[{"href":"https:\/\/scs-sion.ch\/commerces-de-sion\/wp-json\/wp\/v2\/posts"}],"about":[{"href":"https:\/\/scs-sion.ch\/commerces-de-sion\/wp-json\/wp\/v2\/types\/post"}],"author":[{"embeddable":true,"href":"https:\/\/scs-sion.ch\/commerces-de-sion\/wp-json\/wp\/v2\/users\/3"}],"replies":[{"embeddable":true,"href":"https:\/\/scs-sion.ch\/commerces-de-sion\/wp-json\/wp\/v2\/comments?post=503"}],"version-history":[{"count":5,"href":"https:\/\/scs-sion.ch\/commerces-de-sion\/wp-json\/wp\/v2\/posts\/503\/revisions"}],"predecessor-version":[{"id":1162,"href":"https:\/\/scs-sion.ch\/commerces-de-sion\/wp-json\/wp\/v2\/posts\/503\/revisions\/1162"}],"wp:featuredmedia":[{"embeddable":true,"href":"https:\/\/scs-sion.ch\/commerces-de-sion\/wp-json\/wp\/v2\/media\/1161"}],"wp:attachment":[{"href":"https:\/\/scs-sion.ch\/commerces-de-sion\/wp-json\/wp\/v2\/media?parent=503"}],"wp:term":[{"taxonomy":"category","embeddable":true,"href":"https:\/\/scs-sion.ch\/commerces-de-sion\/wp-json\/wp\/v2\/categories?post=503"},{"taxonomy":"post_tag","embeddable":true,"href":"https:\/\/scs-sion.ch\/commerces-de-sion\/wp-json\/wp\/v2\/tags?post=503"}],"curies":[{"name":"wp","href":"https:\/\/api.w.org\/{rel}","templated":true}]}}