{"id":2318,"date":"2026-02-20T08:45:59","date_gmt":"2026-02-20T07:45:59","guid":{"rendered":"https:\/\/scs-sion.ch\/commerces-de-sion\/?p=2318"},"modified":"2026-02-20T08:46:02","modified_gmt":"2026-02-20T07:46:02","slug":"atelier-de-septembre","status":"publish","type":"post","link":"https:\/\/scs-sion.ch\/commerces-de-sion\/atelier-de-septembre\/","title":{"rendered":"Atelier de Septembre"},"content":{"rendered":"<p>[et_pb_section fb_built=\u00a0\u00bb1&Prime; admin_label=\u00a0\u00bbsection\u00a0\u00bb _builder_version=\u00a0\u00bb4.16&Prime; global_colors_info=\u00a0\u00bb{}\u00a0\u00bb][et_pb_row admin_label=\u00a0\u00bbrow\u00a0\u00bb _builder_version=\u00a0\u00bb4.16&Prime; background_size=\u00a0\u00bbinitial\u00a0\u00bb background_position=\u00a0\u00bbtop_left\u00a0\u00bb background_repeat=\u00a0\u00bbrepeat\u00a0\u00bb global_colors_info=\u00a0\u00bb{}\u00a0\u00bb][et_pb_column type=\u00a0\u00bb4_4&Prime; _builder_version=\u00a0\u00bb4.16&Prime; custom_padding=\u00a0\u00bb|||\u00a0\u00bb global_colors_info=\u00a0\u00bb{}\u00a0\u00bb custom_padding__hover=\u00a0\u00bb|||\u00a0\u00bb][et_pb_text disabled_on=\u00a0\u00bboff|off|off\u00a0\u00bb _builder_version=\u00a0\u00bb4.27.5&Prime; _module_preset=\u00a0\u00bbdefault\u00a0\u00bb hover_enabled=\u00a0\u00bb0&Prime; global_colors_info=\u00a0\u00bb{}\u00a0\u00bb sticky_enabled=\u00a0\u00bb0&Prime;]<\/p>\n<h6>L\u2019Atelier de Septembre est un atelier de cr\u00e9ation de mode fond\u00e9 par le styliste-mod\u00e9liste Guillaume Karlen.<\/h6>\n<h6>D\u00e9couvrez des mini-collections de v\u00eatements en \u00e9dition ultra limit\u00e9e, des pi\u00e8ces uniques\u00a0et des cr\u00e9ations sur mesure personnalis\u00e9es, con\u00e7ues et r\u00e9alis\u00e9es en Valais.<\/h6>\n<p>[\/et_pb_text][et_pb_text disabled_on=\u00a0\u00bboff|off|off\u00a0\u00bb _builder_version=\u00a0\u00bb4.27.5&Prime; _module_preset=\u00a0\u00bbdefault\u00a0\u00bb header_6_font=\u00a0\u00bb|600|||||||\u00a0\u00bb custom_padding=\u00a0\u00bb||0px|||\u00a0\u00bb hover_enabled=\u00a0\u00bb0&Prime; global_colors_info=\u00a0\u00bb{}\u00a0\u00bb sticky_enabled=\u00a0\u00bb0&Prime;]<\/p>\n<h6>Heures d&rsquo;ouverture<\/h6>\n<p>Atelier uniquement sur rendez-vous<\/p>\n<p>Lundi\u2013mardi : 9h30 \u2013 17h00<\/p>\n<p>Jeudi\u2013vendredi : 9h00 \u2013 11h30<\/p>\n<p><em>Merci de me contacter pour convenir d\u2019un rendez-vous.<\/em><\/p>\n<p>[\/et_pb_text][et_pb_text _builder_version=\u00a0\u00bb4.27.5&Prime; _module_preset=\u00a0\u00bbdefault\u00a0\u00bb header_6_font=\u00a0\u00bb|600|||||||\u00a0\u00bb hover_enabled=\u00a0\u00bb0&Prime; global_colors_info=\u00a0\u00bb{}\u00a0\u00bb sticky_enabled=\u00a0\u00bb0&Prime;]<\/p>\n<h6>Contact<\/h6>\n<p>Rue des Vergers 6, 1950 Sion<\/p>\n<p><i class=\"fa-regular fa-phone\"><\/i><a href=\"tel:0794824502\">079 482 45 02<\/a><\/p>\n<p><i class=\"fa-regular fa-envelope\"><\/i><a href=\"mailto:karlenguillaume@gmail.com\">karlenguillaume@gmail.com<\/a><\/p>\n<p>[\/et_pb_text][\/et_pb_column][\/et_pb_row][et_pb_row _builder_version=\u00a0\u00bb4.20.4&Prime; _module_preset=\u00a0\u00bbdefault\u00a0\u00bb global_colors_info=\u00a0\u00bb{}\u00a0\u00bb][et_pb_column type=\u00a0\u00bb4_4&Prime; _builder_version=\u00a0\u00bb4.20.4&Prime; _module_preset=\u00a0\u00bbdefault\u00a0\u00bb global_colors_info=\u00a0\u00bb{}\u00a0\u00bb][et_pb_code _builder_version=\u00a0\u00bb4.27.5&Prime; _module_preset=\u00a0\u00bbdefault\u00a0\u00bb hover_enabled=\u00a0\u00bb0&Prime; global_colors_info=\u00a0\u00bb{}\u00a0\u00bb sticky_enabled=\u00a0\u00bb0&Prime;]<pee><button class=\"btnBack\" onclick=\"history.go(-1)\">< Retour<\/button><\/pee>[\/et_pb_code][\/et_pb_column][\/et_pb_row][\/et_pb_section]<\/p>\n","protected":false},"excerpt":{"rendered":"<p>L\u2019Atelier de Septembre est un atelier de cr\u00e9ation de mode fond\u00e9 par le styliste-mod\u00e9liste Guillaume Karlen. D\u00e9couvrez des mini-collections de v\u00eatements en \u00e9dition ultra limit\u00e9e, des pi\u00e8ces uniques\u00a0et des cr\u00e9ations sur mesure personnalis\u00e9es, con\u00e7ues et r\u00e9alis\u00e9es en Valais.Heures d&rsquo;ouverture Atelier uniquement sur rendez-vous Lundi\u2013mardi : 9h30 \u2013 17h00 Jeudi\u2013vendredi : 9h00 \u2013 11h30 Merci de [&hellip;]<\/p>\n","protected":false},"author":2,"featured_media":2317,"comment_status":"closed","ping_status":"open","sticky":false,"template":"","format":"standard","meta":{"_et_pb_use_builder":"on","_et_pb_old_content":"","_et_gb_content_width":"","inline_featured_image":false,"footnotes":""},"categories":[35,42],"tags":[],"class_list":["post-2318","post","type-post","status-publish","format-standard","has-post-thumbnail","hentry","category-services","category-services-divers"],"yoast_head":"<!-- This site is optimized with the Yoast SEO plugin v27.3 - https:\/\/yoast.com\/product\/yoast-seo-wordpress\/ -->\n<title>Atelier de Septembre - Sion Commerces et Services<\/title>\n<meta name=\"description\" content=\"L\u2019Atelier de Septembre est un atelier de cr\u00e9ation de mode fond\u00e9 par le styliste-mod\u00e9liste Guillaume Karlen\" \/>\n<meta name=\"robots\" content=\"index, follow, max-snippet:-1, max-image-preview:large, max-video-preview:-1\" \/>\n<link rel=\"canonical\" href=\"https:\/\/scs-sion.ch\/commerces-de-sion\/atelier-de-septembre\/\" \/>\n<meta property=\"og:locale\" content=\"fr_FR\" \/>\n<meta property=\"og:type\" content=\"article\" \/>\n<meta property=\"og:title\" content=\"Atelier de Septembre - Sion Commerces et Services\" \/>\n<meta property=\"og:description\" content=\"L\u2019Atelier de Septembre est un atelier de cr\u00e9ation de mode fond\u00e9 par le styliste-mod\u00e9liste Guillaume Karlen\" \/>\n<meta property=\"og:url\" content=\"https:\/\/scs-sion.ch\/commerces-de-sion\/atelier-de-septembre\/\" \/>\n<meta property=\"og:site_name\" content=\"Sion Commerces et Services\" \/>\n<meta property=\"article:publisher\" content=\"https:\/\/www.facebook.com\/scssion\/\" \/>\n<meta property=\"article:published_time\" content=\"2026-02-20T07:45:59+00:00\" \/>\n<meta property=\"article:modified_time\" content=\"2026-02-20T07:46:02+00:00\" \/>\n<meta property=\"og:image\" content=\"http:\/\/scs-sion.ch\/commerces-de-sion\/wp-content\/uploads\/2026\/02\/Atelier-de-septembre.png\" \/>\n\t<meta property=\"og:image:width\" content=\"500\" \/>\n\t<meta property=\"og:image:height\" content=\"320\" \/>\n\t<meta property=\"og:image:type\" content=\"image\/png\" \/>\n<meta name=\"author\" content=\"Christophe\" \/>\n<meta name=\"twitter:card\" content=\"summary_large_image\" \/>\n<meta name=\"twitter:label1\" content=\"\u00c9crit par\" \/>\n\t<meta name=\"twitter:data1\" content=\"Christophe\" \/>\n\t<meta name=\"twitter:label2\" content=\"Dur\u00e9e de lecture estim\u00e9e\" \/>\n\t<meta name=\"twitter:data2\" content=\"1 minute\" \/>\n<script type=\"application\/ld+json\" class=\"yoast-schema-graph\">{\"@context\":\"https:\\\/\\\/schema.org\",\"@graph\":[{\"@type\":\"Article\",\"@id\":\"https:\\\/\\\/scs-sion.ch\\\/commerces-de-sion\\\/atelier-de-septembre\\\/#article\",\"isPartOf\":{\"@id\":\"https:\\\/\\\/scs-sion.ch\\\/commerces-de-sion\\\/atelier-de-septembre\\\/\"},\"author\":{\"name\":\"Christophe\",\"@id\":\"https:\\\/\\\/scs-sion.ch\\\/commerces-de-sion\\\/#\\\/schema\\\/person\\\/dad6f97a0f59607445ef48baa193509f\"},\"headline\":\"Atelier de Septembre\",\"datePublished\":\"2026-02-20T07:45:59+00:00\",\"dateModified\":\"2026-02-20T07:46:02+00:00\",\"mainEntityOfPage\":{\"@id\":\"https:\\\/\\\/scs-sion.ch\\\/commerces-de-sion\\\/atelier-de-septembre\\\/\"},\"wordCount\":261,\"publisher\":{\"@id\":\"https:\\\/\\\/scs-sion.ch\\\/commerces-de-sion\\\/#organization\"},\"image\":{\"@id\":\"https:\\\/\\\/scs-sion.ch\\\/commerces-de-sion\\\/atelier-de-septembre\\\/#primaryimage\"},\"thumbnailUrl\":\"https:\\\/\\\/scs-sion.ch\\\/commerces-de-sion\\\/wp-content\\\/uploads\\\/2026\\\/02\\\/Atelier-de-septembre.png\",\"articleSection\":[\"Services\",\"Services divers\"],\"inLanguage\":\"fr-FR\"},{\"@type\":\"WebPage\",\"@id\":\"https:\\\/\\\/scs-sion.ch\\\/commerces-de-sion\\\/atelier-de-septembre\\\/\",\"url\":\"https:\\\/\\\/scs-sion.ch\\\/commerces-de-sion\\\/atelier-de-septembre\\\/\",\"name\":\"Atelier de Septembre - Sion Commerces et Services\",\"isPartOf\":{\"@id\":\"https:\\\/\\\/scs-sion.ch\\\/commerces-de-sion\\\/#website\"},\"primaryImageOfPage\":{\"@id\":\"https:\\\/\\\/scs-sion.ch\\\/commerces-de-sion\\\/atelier-de-septembre\\\/#primaryimage\"},\"image\":{\"@id\":\"https:\\\/\\\/scs-sion.ch\\\/commerces-de-sion\\\/atelier-de-septembre\\\/#primaryimage\"},\"thumbnailUrl\":\"https:\\\/\\\/scs-sion.ch\\\/commerces-de-sion\\\/wp-content\\\/uploads\\\/2026\\\/02\\\/Atelier-de-septembre.png\",\"datePublished\":\"2026-02-20T07:45:59+00:00\",\"dateModified\":\"2026-02-20T07:46:02+00:00\",\"description\":\"L\u2019Atelier de Septembre est un atelier de cr\u00e9ation de mode fond\u00e9 par le styliste-mod\u00e9liste Guillaume Karlen\",\"breadcrumb\":{\"@id\":\"https:\\\/\\\/scs-sion.ch\\\/commerces-de-sion\\\/atelier-de-septembre\\\/#breadcrumb\"},\"inLanguage\":\"fr-FR\",\"potentialAction\":[{\"@type\":\"ReadAction\",\"target\":[\"https:\\\/\\\/scs-sion.ch\\\/commerces-de-sion\\\/atelier-de-septembre\\\/\"]}]},{\"@type\":\"ImageObject\",\"inLanguage\":\"fr-FR\",\"@id\":\"https:\\\/\\\/scs-sion.ch\\\/commerces-de-sion\\\/atelier-de-septembre\\\/#primaryimage\",\"url\":\"https:\\\/\\\/scs-sion.ch\\\/commerces-de-sion\\\/wp-content\\\/uploads\\\/2026\\\/02\\\/Atelier-de-septembre.png\",\"contentUrl\":\"https:\\\/\\\/scs-sion.ch\\\/commerces-de-sion\\\/wp-content\\\/uploads\\\/2026\\\/02\\\/Atelier-de-septembre.png\",\"width\":500,\"height\":320,\"caption\":\"Atelier de septembre\"},{\"@type\":\"BreadcrumbList\",\"@id\":\"https:\\\/\\\/scs-sion.ch\\\/commerces-de-sion\\\/atelier-de-septembre\\\/#breadcrumb\",\"itemListElement\":[{\"@type\":\"ListItem\",\"position\":1,\"name\":\"Accueil\",\"item\":\"https:\\\/\\\/scs-sion.ch\\\/commerces-de-sion\\\/\"},{\"@type\":\"ListItem\",\"position\":2,\"name\":\"Atelier de Septembre\"}]},{\"@type\":\"WebSite\",\"@id\":\"https:\\\/\\\/scs-sion.ch\\\/commerces-de-sion\\\/#website\",\"url\":\"https:\\\/\\\/scs-sion.ch\\\/commerces-de-sion\\\/\",\"name\":\"Sion Commerces et Services\",\"description\":\"\",\"publisher\":{\"@id\":\"https:\\\/\\\/scs-sion.ch\\\/commerces-de-sion\\\/#organization\"},\"potentialAction\":[{\"@type\":\"SearchAction\",\"target\":{\"@type\":\"EntryPoint\",\"urlTemplate\":\"https:\\\/\\\/scs-sion.ch\\\/commerces-de-sion\\\/?s={search_term_string}\"},\"query-input\":{\"@type\":\"PropertyValueSpecification\",\"valueRequired\":true,\"valueName\":\"search_term_string\"}}],\"inLanguage\":\"fr-FR\"},{\"@type\":\"Organization\",\"@id\":\"https:\\\/\\\/scs-sion.ch\\\/commerces-de-sion\\\/#organization\",\"name\":\"Sion Commerces et Services\",\"url\":\"https:\\\/\\\/scs-sion.ch\\\/commerces-de-sion\\\/\",\"logo\":{\"@type\":\"ImageObject\",\"inLanguage\":\"fr-FR\",\"@id\":\"https:\\\/\\\/scs-sion.ch\\\/commerces-de-sion\\\/#\\\/schema\\\/logo\\\/image\\\/\",\"url\":\"https:\\\/\\\/scs-sion.ch\\\/commerces-de-sion\\\/wp-content\\\/uploads\\\/2023\\\/05\\\/membre-sans-logo.png\",\"contentUrl\":\"https:\\\/\\\/scs-sion.ch\\\/commerces-de-sion\\\/wp-content\\\/uploads\\\/2023\\\/05\\\/membre-sans-logo.png\",\"width\":500,\"height\":320,\"caption\":\"Sion Commerces et Services\"},\"image\":{\"@id\":\"https:\\\/\\\/scs-sion.ch\\\/commerces-de-sion\\\/#\\\/schema\\\/logo\\\/image\\\/\"},\"sameAs\":[\"https:\\\/\\\/www.facebook.com\\\/scssion\\\/\"]},{\"@type\":\"Person\",\"@id\":\"https:\\\/\\\/scs-sion.ch\\\/commerces-de-sion\\\/#\\\/schema\\\/person\\\/dad6f97a0f59607445ef48baa193509f\",\"name\":\"Christophe\",\"image\":{\"@type\":\"ImageObject\",\"inLanguage\":\"fr-FR\",\"@id\":\"https:\\\/\\\/secure.gravatar.com\\\/avatar\\\/ed325adc1920fba0d2525fe3f79804e3c590eaa09ba49722312295565437a9f8?s=96&d=mm&r=g\",\"url\":\"https:\\\/\\\/secure.gravatar.com\\\/avatar\\\/ed325adc1920fba0d2525fe3f79804e3c590eaa09ba49722312295565437a9f8?s=96&d=mm&r=g\",\"contentUrl\":\"https:\\\/\\\/secure.gravatar.com\\\/avatar\\\/ed325adc1920fba0d2525fe3f79804e3c590eaa09ba49722312295565437a9f8?s=96&d=mm&r=g\",\"caption\":\"Christophe\"}}]}<\/script>\n<!-- \/ Yoast SEO plugin. -->","yoast_head_json":{"title":"Atelier de Septembre - Sion Commerces et Services","description":"L\u2019Atelier de Septembre est un atelier de cr\u00e9ation de mode fond\u00e9 par le styliste-mod\u00e9liste Guillaume Karlen","robots":{"index":"index","follow":"follow","max-snippet":"max-snippet:-1","max-image-preview":"max-image-preview:large","max-video-preview":"max-video-preview:-1"},"canonical":"https:\/\/scs-sion.ch\/commerces-de-sion\/atelier-de-septembre\/","og_locale":"fr_FR","og_type":"article","og_title":"Atelier de Septembre - Sion Commerces et Services","og_description":"L\u2019Atelier de Septembre est un atelier de cr\u00e9ation de mode fond\u00e9 par le styliste-mod\u00e9liste Guillaume Karlen","og_url":"https:\/\/scs-sion.ch\/commerces-de-sion\/atelier-de-septembre\/","og_site_name":"Sion Commerces et Services","article_publisher":"https:\/\/www.facebook.com\/scssion\/","article_published_time":"2026-02-20T07:45:59+00:00","article_modified_time":"2026-02-20T07:46:02+00:00","og_image":[{"width":500,"height":320,"url":"http:\/\/scs-sion.ch\/commerces-de-sion\/wp-content\/uploads\/2026\/02\/Atelier-de-septembre.png","type":"image\/png"}],"author":"Christophe","twitter_card":"summary_large_image","twitter_misc":{"\u00c9crit par":"Christophe","Dur\u00e9e de lecture estim\u00e9e":"1 minute"},"schema":{"@context":"https:\/\/schema.org","@graph":[{"@type":"Article","@id":"https:\/\/scs-sion.ch\/commerces-de-sion\/atelier-de-septembre\/#article","isPartOf":{"@id":"https:\/\/scs-sion.ch\/commerces-de-sion\/atelier-de-septembre\/"},"author":{"name":"Christophe","@id":"https:\/\/scs-sion.ch\/commerces-de-sion\/#\/schema\/person\/dad6f97a0f59607445ef48baa193509f"},"headline":"Atelier de Septembre","datePublished":"2026-02-20T07:45:59+00:00","dateModified":"2026-02-20T07:46:02+00:00","mainEntityOfPage":{"@id":"https:\/\/scs-sion.ch\/commerces-de-sion\/atelier-de-septembre\/"},"wordCount":261,"publisher":{"@id":"https:\/\/scs-sion.ch\/commerces-de-sion\/#organization"},"image":{"@id":"https:\/\/scs-sion.ch\/commerces-de-sion\/atelier-de-septembre\/#primaryimage"},"thumbnailUrl":"https:\/\/scs-sion.ch\/commerces-de-sion\/wp-content\/uploads\/2026\/02\/Atelier-de-septembre.png","articleSection":["Services","Services divers"],"inLanguage":"fr-FR"},{"@type":"WebPage","@id":"https:\/\/scs-sion.ch\/commerces-de-sion\/atelier-de-septembre\/","url":"https:\/\/scs-sion.ch\/commerces-de-sion\/atelier-de-septembre\/","name":"Atelier de Septembre - Sion Commerces et Services","isPartOf":{"@id":"https:\/\/scs-sion.ch\/commerces-de-sion\/#website"},"primaryImageOfPage":{"@id":"https:\/\/scs-sion.ch\/commerces-de-sion\/atelier-de-septembre\/#primaryimage"},"image":{"@id":"https:\/\/scs-sion.ch\/commerces-de-sion\/atelier-de-septembre\/#primaryimage"},"thumbnailUrl":"https:\/\/scs-sion.ch\/commerces-de-sion\/wp-content\/uploads\/2026\/02\/Atelier-de-septembre.png","datePublished":"2026-02-20T07:45:59+00:00","dateModified":"2026-02-20T07:46:02+00:00","description":"L\u2019Atelier de Septembre est un atelier de cr\u00e9ation de mode fond\u00e9 par le styliste-mod\u00e9liste Guillaume Karlen","breadcrumb":{"@id":"https:\/\/scs-sion.ch\/commerces-de-sion\/atelier-de-septembre\/#breadcrumb"},"inLanguage":"fr-FR","potentialAction":[{"@type":"ReadAction","target":["https:\/\/scs-sion.ch\/commerces-de-sion\/atelier-de-septembre\/"]}]},{"@type":"ImageObject","inLanguage":"fr-FR","@id":"https:\/\/scs-sion.ch\/commerces-de-sion\/atelier-de-septembre\/#primaryimage","url":"https:\/\/scs-sion.ch\/commerces-de-sion\/wp-content\/uploads\/2026\/02\/Atelier-de-septembre.png","contentUrl":"https:\/\/scs-sion.ch\/commerces-de-sion\/wp-content\/uploads\/2026\/02\/Atelier-de-septembre.png","width":500,"height":320,"caption":"Atelier de septembre"},{"@type":"BreadcrumbList","@id":"https:\/\/scs-sion.ch\/commerces-de-sion\/atelier-de-septembre\/#breadcrumb","itemListElement":[{"@type":"ListItem","position":1,"name":"Accueil","item":"https:\/\/scs-sion.ch\/commerces-de-sion\/"},{"@type":"ListItem","position":2,"name":"Atelier de Septembre"}]},{"@type":"WebSite","@id":"https:\/\/scs-sion.ch\/commerces-de-sion\/#website","url":"https:\/\/scs-sion.ch\/commerces-de-sion\/","name":"Sion Commerces et Services","description":"","publisher":{"@id":"https:\/\/scs-sion.ch\/commerces-de-sion\/#organization"},"potentialAction":[{"@type":"SearchAction","target":{"@type":"EntryPoint","urlTemplate":"https:\/\/scs-sion.ch\/commerces-de-sion\/?s={search_term_string}"},"query-input":{"@type":"PropertyValueSpecification","valueRequired":true,"valueName":"search_term_string"}}],"inLanguage":"fr-FR"},{"@type":"Organization","@id":"https:\/\/scs-sion.ch\/commerces-de-sion\/#organization","name":"Sion Commerces et Services","url":"https:\/\/scs-sion.ch\/commerces-de-sion\/","logo":{"@type":"ImageObject","inLanguage":"fr-FR","@id":"https:\/\/scs-sion.ch\/commerces-de-sion\/#\/schema\/logo\/image\/","url":"https:\/\/scs-sion.ch\/commerces-de-sion\/wp-content\/uploads\/2023\/05\/membre-sans-logo.png","contentUrl":"https:\/\/scs-sion.ch\/commerces-de-sion\/wp-content\/uploads\/2023\/05\/membre-sans-logo.png","width":500,"height":320,"caption":"Sion Commerces et Services"},"image":{"@id":"https:\/\/scs-sion.ch\/commerces-de-sion\/#\/schema\/logo\/image\/"},"sameAs":["https:\/\/www.facebook.com\/scssion\/"]},{"@type":"Person","@id":"https:\/\/scs-sion.ch\/commerces-de-sion\/#\/schema\/person\/dad6f97a0f59607445ef48baa193509f","name":"Christophe","image":{"@type":"ImageObject","inLanguage":"fr-FR","@id":"https:\/\/secure.gravatar.com\/avatar\/ed325adc1920fba0d2525fe3f79804e3c590eaa09ba49722312295565437a9f8?s=96&d=mm&r=g","url":"https:\/\/secure.gravatar.com\/avatar\/ed325adc1920fba0d2525fe3f79804e3c590eaa09ba49722312295565437a9f8?s=96&d=mm&r=g","contentUrl":"https:\/\/secure.gravatar.com\/avatar\/ed325adc1920fba0d2525fe3f79804e3c590eaa09ba49722312295565437a9f8?s=96&d=mm&r=g","caption":"Christophe"}}]}},"_links":{"self":[{"href":"https:\/\/scs-sion.ch\/commerces-de-sion\/wp-json\/wp\/v2\/posts\/2318","targetHints":{"allow":["GET"]}}],"collection":[{"href":"https:\/\/scs-sion.ch\/commerces-de-sion\/wp-json\/wp\/v2\/posts"}],"about":[{"href":"https:\/\/scs-sion.ch\/commerces-de-sion\/wp-json\/wp\/v2\/types\/post"}],"author":[{"embeddable":true,"href":"https:\/\/scs-sion.ch\/commerces-de-sion\/wp-json\/wp\/v2\/users\/2"}],"replies":[{"embeddable":true,"href":"https:\/\/scs-sion.ch\/commerces-de-sion\/wp-json\/wp\/v2\/comments?post=2318"}],"version-history":[{"count":2,"href":"https:\/\/scs-sion.ch\/commerces-de-sion\/wp-json\/wp\/v2\/posts\/2318\/revisions"}],"predecessor-version":[{"id":2321,"href":"https:\/\/scs-sion.ch\/commerces-de-sion\/wp-json\/wp\/v2\/posts\/2318\/revisions\/2321"}],"wp:featuredmedia":[{"embeddable":true,"href":"https:\/\/scs-sion.ch\/commerces-de-sion\/wp-json\/wp\/v2\/media\/2317"}],"wp:attachment":[{"href":"https:\/\/scs-sion.ch\/commerces-de-sion\/wp-json\/wp\/v2\/media?parent=2318"}],"wp:term":[{"taxonomy":"category","embeddable":true,"href":"https:\/\/scs-sion.ch\/commerces-de-sion\/wp-json\/wp\/v2\/categories?post=2318"},{"taxonomy":"post_tag","embeddable":true,"href":"https:\/\/scs-sion.ch\/commerces-de-sion\/wp-json\/wp\/v2\/tags?post=2318"}],"curies":[{"name":"wp","href":"https:\/\/api.w.org\/{rel}","templated":true}]}}