{"id":2304,"date":"2026-01-22T08:52:42","date_gmt":"2026-01-22T07:52:42","guid":{"rendered":"https:\/\/scs-sion.ch\/commerces-de-sion\/?p=2304"},"modified":"2026-01-22T08:52:45","modified_gmt":"2026-01-22T07:52:45","slug":"rhone-fm","status":"publish","type":"post","link":"https:\/\/scs-sion.ch\/commerces-de-sion\/rhone-fm\/","title":{"rendered":"Rh\u00f4ne FM"},"content":{"rendered":"<p>[et_pb_section fb_built=\u00a0\u00bb1&Prime; admin_label=\u00a0\u00bbsection\u00a0\u00bb _builder_version=\u00a0\u00bb4.16&Prime; global_colors_info=\u00a0\u00bb{}\u00a0\u00bb][et_pb_row admin_label=\u00a0\u00bbrow\u00a0\u00bb _builder_version=\u00a0\u00bb4.16&Prime; background_size=\u00a0\u00bbinitial\u00a0\u00bb background_position=\u00a0\u00bbtop_left\u00a0\u00bb background_repeat=\u00a0\u00bbrepeat\u00a0\u00bb global_colors_info=\u00a0\u00bb{}\u00a0\u00bb][et_pb_column type=\u00a0\u00bb4_4&Prime; _builder_version=\u00a0\u00bb4.16&Prime; custom_padding=\u00a0\u00bb|||\u00a0\u00bb global_colors_info=\u00a0\u00bb{}\u00a0\u00bb custom_padding__hover=\u00a0\u00bb|||\u00a0\u00bb][et_pb_text _builder_version=\u00a0\u00bb4.27.5&Prime; _module_preset=\u00a0\u00bbdefault\u00a0\u00bb hover_enabled=\u00a0\u00bb0&Prime; global_colors_info=\u00a0\u00bb{}\u00a0\u00bb disabled_on=\u00a0\u00bbon|on|on\u00a0\u00bb disabled=\u00a0\u00bbon\u00a0\u00bb sticky_enabled=\u00a0\u00bb0&Prime;]<\/p>\n<h6>Centre de Formation en S\u00e9curit\u00e9 et S\u00fbret\u00e9 Physique<\/h6>\n<p>[\/et_pb_text][et_pb_text _builder_version=\u00a0\u00bb4.27.5&Prime; _module_preset=\u00a0\u00bbdefault\u00a0\u00bb header_6_font=\u00a0\u00bb|600|||||||\u00a0\u00bb custom_padding=\u00a0\u00bb||0px|||\u00a0\u00bb hover_enabled=\u00a0\u00bb0&Prime; global_colors_info=\u00a0\u00bb{}\u00a0\u00bb disabled_on=\u00a0\u00bbon|on|on\u00a0\u00bb disabled=\u00a0\u00bbon\u00a0\u00bb sticky_enabled=\u00a0\u00bb0&Prime;]<\/p>\n<h6>Heures d&rsquo;ouverture<\/h6>\n<p>09h00 &#8211; 21h00<\/p>\n<p>[\/et_pb_text][et_pb_text _builder_version=\u00a0\u00bb4.27.5&Prime; _module_preset=\u00a0\u00bbdefault\u00a0\u00bb header_6_font=\u00a0\u00bb|600|||||||\u00a0\u00bb hover_enabled=\u00a0\u00bb0&Prime; global_colors_info=\u00a0\u00bb{}\u00a0\u00bb sticky_enabled=\u00a0\u00bb0&Prime;]<\/p>\n<h6>Contact<\/h6>\n<p>Radio Rh\u00f4ne SA, Ch. St-Hubert 5, 1950 Sion<\/p>\n<p><i class=\"fa-regular fa-phone\"><\/i><a href=\"tel:0273272020\">027 327 20 20<\/a><\/p>\n<p><i class=\"fa-regular fa-envelope\"><\/i><a href=\"mailto:rhonefm@rhonefm.ch\">rhonefm@rhonefm.ch<\/a><\/p>\n<p><i class=\"fa-light fa-house\"><\/i><a href=\"https:\/\/www.rhonefm.ch\/\" target=\"_blank\">rhonefm.ch<\/a><\/p>\n<p>[\/et_pb_text][\/et_pb_column][\/et_pb_row][et_pb_row _builder_version=\u00a0\u00bb4.20.4&Prime; _module_preset=\u00a0\u00bbdefault\u00a0\u00bb global_colors_info=\u00a0\u00bb{}\u00a0\u00bb][et_pb_column type=\u00a0\u00bb4_4&Prime; _builder_version=\u00a0\u00bb4.20.4&Prime; _module_preset=\u00a0\u00bbdefault\u00a0\u00bb global_colors_info=\u00a0\u00bb{}\u00a0\u00bb][et_pb_code _builder_version=\u00a0\u00bb4.27.4&Prime; _module_preset=\u00a0\u00bbdefault\u00a0\u00bb global_colors_info=\u00a0\u00bb{}\u00a0\u00bb]<pee><button class=\"btnBack\" onclick=\"history.go(-1)\">< Retour<\/button><\/pee>[\/et_pb_code][\/et_pb_column][\/et_pb_row][\/et_pb_section]<\/p>\n","protected":false},"excerpt":{"rendered":"<p>Centre de Formation en S\u00e9curit\u00e9 et S\u00fbret\u00e9 PhysiqueHeures d&rsquo;ouverture 09h00 &#8211; 21h00Contact Radio Rh\u00f4ne SA, Ch. St-Hubert 5, 1950 Sion 027 327 20 20 rhonefm@rhonefm.ch rhonefm.ch<\/p>\n","protected":false},"author":2,"featured_media":2303,"comment_status":"closed","ping_status":"open","sticky":false,"template":"","format":"standard","meta":{"_et_pb_use_builder":"on","_et_pb_old_content":"","_et_gb_content_width":"","inline_featured_image":false,"footnotes":""},"categories":[35,42],"tags":[],"class_list":["post-2304","post","type-post","status-publish","format-standard","has-post-thumbnail","hentry","category-services","category-services-divers"],"yoast_head":"<!-- This site is optimized with the Yoast SEO plugin v27.3 - https:\/\/yoast.com\/product\/yoast-seo-wordpress\/ -->\n<title>Rh\u00f4ne FM - Sion Commerces et Services<\/title>\n<meta name=\"description\" content=\"Rh\u00f4ne FM est la radio priv\u00e9e en Valais pr\u00e9f\u00e9r\u00e9e de Suisse Romande selon le sondage Publicom Media Brands 2022\" \/>\n<meta name=\"robots\" content=\"index, follow, max-snippet:-1, max-image-preview:large, max-video-preview:-1\" \/>\n<link rel=\"canonical\" href=\"https:\/\/scs-sion.ch\/commerces-de-sion\/rhone-fm\/\" \/>\n<meta property=\"og:locale\" content=\"fr_FR\" \/>\n<meta property=\"og:type\" content=\"article\" \/>\n<meta property=\"og:title\" content=\"Rh\u00f4ne FM - Sion Commerces et Services\" \/>\n<meta property=\"og:description\" content=\"Rh\u00f4ne FM est la radio priv\u00e9e en Valais pr\u00e9f\u00e9r\u00e9e de Suisse Romande selon le sondage Publicom Media Brands 2022\" \/>\n<meta property=\"og:url\" content=\"https:\/\/scs-sion.ch\/commerces-de-sion\/rhone-fm\/\" \/>\n<meta property=\"og:site_name\" content=\"Sion Commerces et Services\" \/>\n<meta property=\"article:publisher\" content=\"https:\/\/www.facebook.com\/scssion\/\" \/>\n<meta property=\"article:published_time\" content=\"2026-01-22T07:52:42+00:00\" \/>\n<meta property=\"article:modified_time\" content=\"2026-01-22T07:52:45+00:00\" \/>\n<meta property=\"og:image\" content=\"http:\/\/scs-sion.ch\/commerces-de-sion\/wp-content\/uploads\/2026\/01\/rhone-fm.png\" \/>\n\t<meta property=\"og:image:width\" content=\"500\" \/>\n\t<meta property=\"og:image:height\" content=\"320\" \/>\n\t<meta property=\"og:image:type\" content=\"image\/png\" \/>\n<meta name=\"author\" content=\"Christophe\" \/>\n<meta name=\"twitter:card\" content=\"summary_large_image\" \/>\n<meta name=\"twitter:label1\" content=\"\u00c9crit par\" \/>\n\t<meta name=\"twitter:data1\" content=\"Christophe\" \/>\n\t<meta name=\"twitter:label2\" content=\"Dur\u00e9e de lecture estim\u00e9e\" \/>\n\t<meta name=\"twitter:data2\" content=\"1 minute\" \/>\n<script type=\"application\/ld+json\" class=\"yoast-schema-graph\">{\"@context\":\"https:\\\/\\\/schema.org\",\"@graph\":[{\"@type\":\"Article\",\"@id\":\"https:\\\/\\\/scs-sion.ch\\\/commerces-de-sion\\\/rhone-fm\\\/#article\",\"isPartOf\":{\"@id\":\"https:\\\/\\\/scs-sion.ch\\\/commerces-de-sion\\\/rhone-fm\\\/\"},\"author\":{\"name\":\"Christophe\",\"@id\":\"https:\\\/\\\/scs-sion.ch\\\/commerces-de-sion\\\/#\\\/schema\\\/person\\\/dad6f97a0f59607445ef48baa193509f\"},\"headline\":\"Rh\u00f4ne FM\",\"datePublished\":\"2026-01-22T07:52:42+00:00\",\"dateModified\":\"2026-01-22T07:52:45+00:00\",\"mainEntityOfPage\":{\"@id\":\"https:\\\/\\\/scs-sion.ch\\\/commerces-de-sion\\\/rhone-fm\\\/\"},\"wordCount\":207,\"publisher\":{\"@id\":\"https:\\\/\\\/scs-sion.ch\\\/commerces-de-sion\\\/#organization\"},\"image\":{\"@id\":\"https:\\\/\\\/scs-sion.ch\\\/commerces-de-sion\\\/rhone-fm\\\/#primaryimage\"},\"thumbnailUrl\":\"https:\\\/\\\/scs-sion.ch\\\/commerces-de-sion\\\/wp-content\\\/uploads\\\/2026\\\/01\\\/rhone-fm.png\",\"articleSection\":[\"Services\",\"Services divers\"],\"inLanguage\":\"fr-FR\"},{\"@type\":\"WebPage\",\"@id\":\"https:\\\/\\\/scs-sion.ch\\\/commerces-de-sion\\\/rhone-fm\\\/\",\"url\":\"https:\\\/\\\/scs-sion.ch\\\/commerces-de-sion\\\/rhone-fm\\\/\",\"name\":\"Rh\u00f4ne FM - Sion Commerces et Services\",\"isPartOf\":{\"@id\":\"https:\\\/\\\/scs-sion.ch\\\/commerces-de-sion\\\/#website\"},\"primaryImageOfPage\":{\"@id\":\"https:\\\/\\\/scs-sion.ch\\\/commerces-de-sion\\\/rhone-fm\\\/#primaryimage\"},\"image\":{\"@id\":\"https:\\\/\\\/scs-sion.ch\\\/commerces-de-sion\\\/rhone-fm\\\/#primaryimage\"},\"thumbnailUrl\":\"https:\\\/\\\/scs-sion.ch\\\/commerces-de-sion\\\/wp-content\\\/uploads\\\/2026\\\/01\\\/rhone-fm.png\",\"datePublished\":\"2026-01-22T07:52:42+00:00\",\"dateModified\":\"2026-01-22T07:52:45+00:00\",\"description\":\"Rh\u00f4ne FM est la radio priv\u00e9e en Valais pr\u00e9f\u00e9r\u00e9e de Suisse Romande selon le sondage Publicom Media Brands 2022\",\"breadcrumb\":{\"@id\":\"https:\\\/\\\/scs-sion.ch\\\/commerces-de-sion\\\/rhone-fm\\\/#breadcrumb\"},\"inLanguage\":\"fr-FR\",\"potentialAction\":[{\"@type\":\"ReadAction\",\"target\":[\"https:\\\/\\\/scs-sion.ch\\\/commerces-de-sion\\\/rhone-fm\\\/\"]}]},{\"@type\":\"ImageObject\",\"inLanguage\":\"fr-FR\",\"@id\":\"https:\\\/\\\/scs-sion.ch\\\/commerces-de-sion\\\/rhone-fm\\\/#primaryimage\",\"url\":\"https:\\\/\\\/scs-sion.ch\\\/commerces-de-sion\\\/wp-content\\\/uploads\\\/2026\\\/01\\\/rhone-fm.png\",\"contentUrl\":\"https:\\\/\\\/scs-sion.ch\\\/commerces-de-sion\\\/wp-content\\\/uploads\\\/2026\\\/01\\\/rhone-fm.png\",\"width\":500,\"height\":320,\"caption\":\"Rh\u00f4ne FM\"},{\"@type\":\"BreadcrumbList\",\"@id\":\"https:\\\/\\\/scs-sion.ch\\\/commerces-de-sion\\\/rhone-fm\\\/#breadcrumb\",\"itemListElement\":[{\"@type\":\"ListItem\",\"position\":1,\"name\":\"Accueil\",\"item\":\"https:\\\/\\\/scs-sion.ch\\\/commerces-de-sion\\\/\"},{\"@type\":\"ListItem\",\"position\":2,\"name\":\"Rh\u00f4ne FM\"}]},{\"@type\":\"WebSite\",\"@id\":\"https:\\\/\\\/scs-sion.ch\\\/commerces-de-sion\\\/#website\",\"url\":\"https:\\\/\\\/scs-sion.ch\\\/commerces-de-sion\\\/\",\"name\":\"Sion Commerces et Services\",\"description\":\"\",\"publisher\":{\"@id\":\"https:\\\/\\\/scs-sion.ch\\\/commerces-de-sion\\\/#organization\"},\"potentialAction\":[{\"@type\":\"SearchAction\",\"target\":{\"@type\":\"EntryPoint\",\"urlTemplate\":\"https:\\\/\\\/scs-sion.ch\\\/commerces-de-sion\\\/?s={search_term_string}\"},\"query-input\":{\"@type\":\"PropertyValueSpecification\",\"valueRequired\":true,\"valueName\":\"search_term_string\"}}],\"inLanguage\":\"fr-FR\"},{\"@type\":\"Organization\",\"@id\":\"https:\\\/\\\/scs-sion.ch\\\/commerces-de-sion\\\/#organization\",\"name\":\"Sion Commerces et Services\",\"url\":\"https:\\\/\\\/scs-sion.ch\\\/commerces-de-sion\\\/\",\"logo\":{\"@type\":\"ImageObject\",\"inLanguage\":\"fr-FR\",\"@id\":\"https:\\\/\\\/scs-sion.ch\\\/commerces-de-sion\\\/#\\\/schema\\\/logo\\\/image\\\/\",\"url\":\"https:\\\/\\\/scs-sion.ch\\\/commerces-de-sion\\\/wp-content\\\/uploads\\\/2023\\\/05\\\/membre-sans-logo.png\",\"contentUrl\":\"https:\\\/\\\/scs-sion.ch\\\/commerces-de-sion\\\/wp-content\\\/uploads\\\/2023\\\/05\\\/membre-sans-logo.png\",\"width\":500,\"height\":320,\"caption\":\"Sion Commerces et Services\"},\"image\":{\"@id\":\"https:\\\/\\\/scs-sion.ch\\\/commerces-de-sion\\\/#\\\/schema\\\/logo\\\/image\\\/\"},\"sameAs\":[\"https:\\\/\\\/www.facebook.com\\\/scssion\\\/\"]},{\"@type\":\"Person\",\"@id\":\"https:\\\/\\\/scs-sion.ch\\\/commerces-de-sion\\\/#\\\/schema\\\/person\\\/dad6f97a0f59607445ef48baa193509f\",\"name\":\"Christophe\",\"image\":{\"@type\":\"ImageObject\",\"inLanguage\":\"fr-FR\",\"@id\":\"https:\\\/\\\/secure.gravatar.com\\\/avatar\\\/ed325adc1920fba0d2525fe3f79804e3c590eaa09ba49722312295565437a9f8?s=96&d=mm&r=g\",\"url\":\"https:\\\/\\\/secure.gravatar.com\\\/avatar\\\/ed325adc1920fba0d2525fe3f79804e3c590eaa09ba49722312295565437a9f8?s=96&d=mm&r=g\",\"contentUrl\":\"https:\\\/\\\/secure.gravatar.com\\\/avatar\\\/ed325adc1920fba0d2525fe3f79804e3c590eaa09ba49722312295565437a9f8?s=96&d=mm&r=g\",\"caption\":\"Christophe\"}}]}<\/script>\n<!-- \/ Yoast SEO plugin. -->","yoast_head_json":{"title":"Rh\u00f4ne FM - Sion Commerces et Services","description":"Rh\u00f4ne FM est la radio priv\u00e9e en Valais pr\u00e9f\u00e9r\u00e9e de Suisse Romande selon le sondage Publicom Media Brands 2022","robots":{"index":"index","follow":"follow","max-snippet":"max-snippet:-1","max-image-preview":"max-image-preview:large","max-video-preview":"max-video-preview:-1"},"canonical":"https:\/\/scs-sion.ch\/commerces-de-sion\/rhone-fm\/","og_locale":"fr_FR","og_type":"article","og_title":"Rh\u00f4ne FM - Sion Commerces et Services","og_description":"Rh\u00f4ne FM est la radio priv\u00e9e en Valais pr\u00e9f\u00e9r\u00e9e de Suisse Romande selon le sondage Publicom Media Brands 2022","og_url":"https:\/\/scs-sion.ch\/commerces-de-sion\/rhone-fm\/","og_site_name":"Sion Commerces et Services","article_publisher":"https:\/\/www.facebook.com\/scssion\/","article_published_time":"2026-01-22T07:52:42+00:00","article_modified_time":"2026-01-22T07:52:45+00:00","og_image":[{"width":500,"height":320,"url":"http:\/\/scs-sion.ch\/commerces-de-sion\/wp-content\/uploads\/2026\/01\/rhone-fm.png","type":"image\/png"}],"author":"Christophe","twitter_card":"summary_large_image","twitter_misc":{"\u00c9crit par":"Christophe","Dur\u00e9e de lecture estim\u00e9e":"1 minute"},"schema":{"@context":"https:\/\/schema.org","@graph":[{"@type":"Article","@id":"https:\/\/scs-sion.ch\/commerces-de-sion\/rhone-fm\/#article","isPartOf":{"@id":"https:\/\/scs-sion.ch\/commerces-de-sion\/rhone-fm\/"},"author":{"name":"Christophe","@id":"https:\/\/scs-sion.ch\/commerces-de-sion\/#\/schema\/person\/dad6f97a0f59607445ef48baa193509f"},"headline":"Rh\u00f4ne FM","datePublished":"2026-01-22T07:52:42+00:00","dateModified":"2026-01-22T07:52:45+00:00","mainEntityOfPage":{"@id":"https:\/\/scs-sion.ch\/commerces-de-sion\/rhone-fm\/"},"wordCount":207,"publisher":{"@id":"https:\/\/scs-sion.ch\/commerces-de-sion\/#organization"},"image":{"@id":"https:\/\/scs-sion.ch\/commerces-de-sion\/rhone-fm\/#primaryimage"},"thumbnailUrl":"https:\/\/scs-sion.ch\/commerces-de-sion\/wp-content\/uploads\/2026\/01\/rhone-fm.png","articleSection":["Services","Services divers"],"inLanguage":"fr-FR"},{"@type":"WebPage","@id":"https:\/\/scs-sion.ch\/commerces-de-sion\/rhone-fm\/","url":"https:\/\/scs-sion.ch\/commerces-de-sion\/rhone-fm\/","name":"Rh\u00f4ne FM - Sion Commerces et Services","isPartOf":{"@id":"https:\/\/scs-sion.ch\/commerces-de-sion\/#website"},"primaryImageOfPage":{"@id":"https:\/\/scs-sion.ch\/commerces-de-sion\/rhone-fm\/#primaryimage"},"image":{"@id":"https:\/\/scs-sion.ch\/commerces-de-sion\/rhone-fm\/#primaryimage"},"thumbnailUrl":"https:\/\/scs-sion.ch\/commerces-de-sion\/wp-content\/uploads\/2026\/01\/rhone-fm.png","datePublished":"2026-01-22T07:52:42+00:00","dateModified":"2026-01-22T07:52:45+00:00","description":"Rh\u00f4ne FM est la radio priv\u00e9e en Valais pr\u00e9f\u00e9r\u00e9e de Suisse Romande selon le sondage Publicom Media Brands 2022","breadcrumb":{"@id":"https:\/\/scs-sion.ch\/commerces-de-sion\/rhone-fm\/#breadcrumb"},"inLanguage":"fr-FR","potentialAction":[{"@type":"ReadAction","target":["https:\/\/scs-sion.ch\/commerces-de-sion\/rhone-fm\/"]}]},{"@type":"ImageObject","inLanguage":"fr-FR","@id":"https:\/\/scs-sion.ch\/commerces-de-sion\/rhone-fm\/#primaryimage","url":"https:\/\/scs-sion.ch\/commerces-de-sion\/wp-content\/uploads\/2026\/01\/rhone-fm.png","contentUrl":"https:\/\/scs-sion.ch\/commerces-de-sion\/wp-content\/uploads\/2026\/01\/rhone-fm.png","width":500,"height":320,"caption":"Rh\u00f4ne FM"},{"@type":"BreadcrumbList","@id":"https:\/\/scs-sion.ch\/commerces-de-sion\/rhone-fm\/#breadcrumb","itemListElement":[{"@type":"ListItem","position":1,"name":"Accueil","item":"https:\/\/scs-sion.ch\/commerces-de-sion\/"},{"@type":"ListItem","position":2,"name":"Rh\u00f4ne FM"}]},{"@type":"WebSite","@id":"https:\/\/scs-sion.ch\/commerces-de-sion\/#website","url":"https:\/\/scs-sion.ch\/commerces-de-sion\/","name":"Sion Commerces et Services","description":"","publisher":{"@id":"https:\/\/scs-sion.ch\/commerces-de-sion\/#organization"},"potentialAction":[{"@type":"SearchAction","target":{"@type":"EntryPoint","urlTemplate":"https:\/\/scs-sion.ch\/commerces-de-sion\/?s={search_term_string}"},"query-input":{"@type":"PropertyValueSpecification","valueRequired":true,"valueName":"search_term_string"}}],"inLanguage":"fr-FR"},{"@type":"Organization","@id":"https:\/\/scs-sion.ch\/commerces-de-sion\/#organization","name":"Sion Commerces et Services","url":"https:\/\/scs-sion.ch\/commerces-de-sion\/","logo":{"@type":"ImageObject","inLanguage":"fr-FR","@id":"https:\/\/scs-sion.ch\/commerces-de-sion\/#\/schema\/logo\/image\/","url":"https:\/\/scs-sion.ch\/commerces-de-sion\/wp-content\/uploads\/2023\/05\/membre-sans-logo.png","contentUrl":"https:\/\/scs-sion.ch\/commerces-de-sion\/wp-content\/uploads\/2023\/05\/membre-sans-logo.png","width":500,"height":320,"caption":"Sion Commerces et Services"},"image":{"@id":"https:\/\/scs-sion.ch\/commerces-de-sion\/#\/schema\/logo\/image\/"},"sameAs":["https:\/\/www.facebook.com\/scssion\/"]},{"@type":"Person","@id":"https:\/\/scs-sion.ch\/commerces-de-sion\/#\/schema\/person\/dad6f97a0f59607445ef48baa193509f","name":"Christophe","image":{"@type":"ImageObject","inLanguage":"fr-FR","@id":"https:\/\/secure.gravatar.com\/avatar\/ed325adc1920fba0d2525fe3f79804e3c590eaa09ba49722312295565437a9f8?s=96&d=mm&r=g","url":"https:\/\/secure.gravatar.com\/avatar\/ed325adc1920fba0d2525fe3f79804e3c590eaa09ba49722312295565437a9f8?s=96&d=mm&r=g","contentUrl":"https:\/\/secure.gravatar.com\/avatar\/ed325adc1920fba0d2525fe3f79804e3c590eaa09ba49722312295565437a9f8?s=96&d=mm&r=g","caption":"Christophe"}}]}},"_links":{"self":[{"href":"https:\/\/scs-sion.ch\/commerces-de-sion\/wp-json\/wp\/v2\/posts\/2304","targetHints":{"allow":["GET"]}}],"collection":[{"href":"https:\/\/scs-sion.ch\/commerces-de-sion\/wp-json\/wp\/v2\/posts"}],"about":[{"href":"https:\/\/scs-sion.ch\/commerces-de-sion\/wp-json\/wp\/v2\/types\/post"}],"author":[{"embeddable":true,"href":"https:\/\/scs-sion.ch\/commerces-de-sion\/wp-json\/wp\/v2\/users\/2"}],"replies":[{"embeddable":true,"href":"https:\/\/scs-sion.ch\/commerces-de-sion\/wp-json\/wp\/v2\/comments?post=2304"}],"version-history":[{"count":2,"href":"https:\/\/scs-sion.ch\/commerces-de-sion\/wp-json\/wp\/v2\/posts\/2304\/revisions"}],"predecessor-version":[{"id":2307,"href":"https:\/\/scs-sion.ch\/commerces-de-sion\/wp-json\/wp\/v2\/posts\/2304\/revisions\/2307"}],"wp:featuredmedia":[{"embeddable":true,"href":"https:\/\/scs-sion.ch\/commerces-de-sion\/wp-json\/wp\/v2\/media\/2303"}],"wp:attachment":[{"href":"https:\/\/scs-sion.ch\/commerces-de-sion\/wp-json\/wp\/v2\/media?parent=2304"}],"wp:term":[{"taxonomy":"category","embeddable":true,"href":"https:\/\/scs-sion.ch\/commerces-de-sion\/wp-json\/wp\/v2\/categories?post=2304"},{"taxonomy":"post_tag","embeddable":true,"href":"https:\/\/scs-sion.ch\/commerces-de-sion\/wp-json\/wp\/v2\/tags?post=2304"}],"curies":[{"name":"wp","href":"https:\/\/api.w.org\/{rel}","templated":true}]}}